{"id":45933,"date":"2026-03-10T14:13:14","date_gmt":"2026-03-10T17:13:14","guid":{"rendered":"https:\/\/radio94fm.net\/site\/?p=45933"},"modified":"2026-03-10T14:13:14","modified_gmt":"2026-03-10T17:13:14","slug":"enamed-revela-cenario-preocupante-na-formacao-de-novos-medicos-no-brasil","status":"publish","type":"post","link":"https:\/\/radio94fm.net\/site\/enamed-revela-cenario-preocupante-na-formacao-de-novos-medicos-no-brasil\/","title":{"rendered":"ENAMED REVELA CEN\u00c1RIO PREOCUPANTE NA FORMA\u00c7\u00c3O DE NOVOS M\u00c9DICOS NO BRASIL"},"content":{"rendered":"<p><img loading=\"lazy\" decoding=\"async\" class=\"alignnone size-medium wp-image-45908\" src=\"https:\/\/radio94fm.net\/site\/wp-content\/uploads\/2026\/03\/enamed-300x300.png\" alt=\"\" width=\"300\" height=\"300\" srcset=\"https:\/\/radio94fm.net\/site\/wp-content\/uploads\/2026\/03\/enamed-300x300.png 300w, https:\/\/radio94fm.net\/site\/wp-content\/uploads\/2026\/03\/enamed-1024x1024.png 1024w, https:\/\/radio94fm.net\/site\/wp-content\/uploads\/2026\/03\/enamed-150x150.png 150w, https:\/\/radio94fm.net\/site\/wp-content\/uploads\/2026\/03\/enamed-768x768.png 768w, https:\/\/radio94fm.net\/site\/wp-content\/uploads\/2026\/03\/enamed-520x520.png 520w, https:\/\/radio94fm.net\/site\/wp-content\/uploads\/2026\/03\/enamed.png 1080w\" sizes=\"auto, (max-width: 300px) 100vw, 300px\" \/><\/p>\n<p data-path-to-node=\"5\">Os resultados recentes do Exame Nacional de Avalia\u00e7\u00e3o da Forma\u00e7\u00e3o M\u00e9dica (Enamed) acenderam um alerta vermelho sobre a qualidade do ensino superior no Brasil. O teste, que avaliou quase 40 mil estudantes em fase de conclus\u00e3o de curso, revelou que cerca de um ter\u00e7o dos futuros m\u00e9dicos n\u00e3o alcan\u00e7ou a nota m\u00ednima aceit\u00e1vel para o exerc\u00edcio da profiss\u00e3o. Para <b data-path-to-node=\"5\" data-index-in-node=\"358\">Cristina Alvim<\/b>, vice-diretora da Faculdade de Medicina da Universidade Federal de Minas Gerais (UFMG), os n\u00fameros confirmam uma &#8220;trag\u00e9dia j\u00e1 previamente anunciada&#8221;, impulsionada pela abertura desenfreada de cursos sem os crit\u00e9rios t\u00e9cnicos e estruturas ideais.<\/p>\n<p data-path-to-node=\"6\">A conselheira do Conselho Federal de Medicina (CFM), <b data-path-to-node=\"6\" data-index-in-node=\"53\">Cibele Carvalho<\/b>, aponta que a defici\u00eancia na forma\u00e7\u00e3o muitas vezes come\u00e7a na falta de infraestrutura b\u00e1sica para o aprendizado pr\u00e1tico. Segundo a conselheira, programas governamentais de expans\u00e3o, como o &#8220;Mais M\u00e9dicos&#8221;, tentaram levar profissionais a locais remotos, mas esbarraram na aus\u00eancia de hospitais, vagas e medica\u00e7\u00f5es adequadas, gerando frustra\u00e7\u00e3o tanto para os m\u00e9dicos quanto para a popula\u00e7\u00e3o atendida. <b data-path-to-node=\"6\" data-index-in-node=\"466\">Cibele<\/b> refor\u00e7a que ter o diploma em m\u00e3os n\u00e3o \u00e9 suficiente se n\u00e3o houver o suporte estrutural necess\u00e1rio para a presta\u00e7\u00e3o do servi\u00e7o de sa\u00fade.<\/p>\n<p data-path-to-node=\"7\">Outro ponto cr\u00edtico discutido \u00e9 a crescente mercantiliza\u00e7\u00e3o da educa\u00e7\u00e3o m\u00e9dica no pa\u00eds. A <b data-path-to-node=\"7\" data-index-in-node=\"90\">Vice-diretora Cristina<\/b> destaca que muitas institui\u00e7\u00f5es privadas cobram mensalidades elevad\u00edssimas, mas n\u00e3o entregam o projeto pedag\u00f3gico robusto que o Sistema \u00danico de Sa\u00fade (SUS) exige. A an\u00e1lise do Enamed mostra uma discrep\u00e2ncia clara entre o desempenho de universidades p\u00fablicas, focadas na sa\u00fade como direito humano, e grande parte das institui\u00e7\u00f5es particulares. Diante desse cen\u00e1rio, as especialistas defendem um rigor muito maior na fiscaliza\u00e7\u00e3o e na exig\u00eancia de qualidade para proteger a sociedade de atendimentos prec\u00e1rios.<\/p>\n<p data-path-to-node=\"8\">\ud83d\udcac Quer saber mais sobre os desafios da forma\u00e7\u00e3o m\u00e9dica no Brasil? Ou\u00e7a o Fique Por Dentro na 94FM e fique sempre bem informado sobre o que acontece em Lavras e em todo o pa\u00eds!<\/p>\n<audio class=\"wp-audio-shortcode\" id=\"audio-45933-1\" preload=\"none\" style=\"width: 100%;\" controls=\"controls\"><source type=\"audio\/mpeg\" src=\"https:\/\/radio94fm.net\/site\/wp-content\/uploads\/2026\/03\/FPD-ENAMED-10-03-26.mp3?_=1\" \/><a href=\"https:\/\/radio94fm.net\/site\/wp-content\/uploads\/2026\/03\/FPD-ENAMED-10-03-26.mp3\">https:\/\/radio94fm.net\/site\/wp-content\/uploads\/2026\/03\/FPD-ENAMED-10-03-26.mp3<\/a><\/audio>\n","protected":false},"excerpt":{"rendered":"<p>Os resultados recentes do Exame Nacional de Avalia\u00e7\u00e3o da Forma\u00e7\u00e3o M\u00e9dica (Enamed) acenderam um alerta vermelho sobre a qualidade do ensino superior no Brasil. O teste, que avaliou quase 40 mil estudantes em fase de conclus\u00e3o de curso, revelou que cerca de um ter\u00e7o dos futuros m\u00e9dicos n\u00e3o alcan\u00e7ou a nota m\u00ednima aceit\u00e1vel para o&#8230;<\/p>\n","protected":false},"author":3,"featured_media":45908,"comment_status":"open","ping_status":"open","sticky":false,"template":"","format":"standard","meta":{"ngg_post_thumbnail":0,"footnotes":""},"categories":[54],"tags":[],"class_list":["post-45933","post","type-post","status-publish","format-standard","has-post-thumbnail","hentry","category-fique-por-dentro","have-post-thumb"],"_links":{"self":[{"href":"https:\/\/radio94fm.net\/site\/wp-json\/wp\/v2\/posts\/45933","targetHints":{"allow":["GET"]}}],"collection":[{"href":"https:\/\/radio94fm.net\/site\/wp-json\/wp\/v2\/posts"}],"about":[{"href":"https:\/\/radio94fm.net\/site\/wp-json\/wp\/v2\/types\/post"}],"author":[{"embeddable":true,"href":"https:\/\/radio94fm.net\/site\/wp-json\/wp\/v2\/users\/3"}],"replies":[{"embeddable":true,"href":"https:\/\/radio94fm.net\/site\/wp-json\/wp\/v2\/comments?post=45933"}],"version-history":[{"count":1,"href":"https:\/\/radio94fm.net\/site\/wp-json\/wp\/v2\/posts\/45933\/revisions"}],"predecessor-version":[{"id":45934,"href":"https:\/\/radio94fm.net\/site\/wp-json\/wp\/v2\/posts\/45933\/revisions\/45934"}],"wp:featuredmedia":[{"embeddable":true,"href":"https:\/\/radio94fm.net\/site\/wp-json\/wp\/v2\/media\/45908"}],"wp:attachment":[{"href":"https:\/\/radio94fm.net\/site\/wp-json\/wp\/v2\/media?parent=45933"}],"wp:term":[{"taxonomy":"category","embeddable":true,"href":"https:\/\/radio94fm.net\/site\/wp-json\/wp\/v2\/categories?post=45933"},{"taxonomy":"post_tag","embeddable":true,"href":"https:\/\/radio94fm.net\/site\/wp-json\/wp\/v2\/tags?post=45933"}],"curies":[{"name":"wp","href":"https:\/\/api.w.org\/{rel}","templated":true}]}}