{"id":45929,"date":"2026-03-10T14:01:21","date_gmt":"2026-03-10T17:01:21","guid":{"rendered":"https:\/\/radio94fm.net\/site\/?p=45929"},"modified":"2026-03-10T14:01:21","modified_gmt":"2026-03-10T17:01:21","slug":"delegada-ana-paula-defende-politicas-publicas-efetivas-para-protecao-da-mulher","status":"publish","type":"post","link":"https:\/\/radio94fm.net\/site\/delegada-ana-paula-defende-politicas-publicas-efetivas-para-protecao-da-mulher\/","title":{"rendered":"DELEGADA ANA PAULA DEFENDE POL\u00cdTICAS P\u00daBLICAS EFETIVAS PARA PROTE\u00c7\u00c3O DA MULHER"},"content":{"rendered":"<p data-path-to-node=\"5\"><img loading=\"lazy\" decoding=\"async\" class=\"alignnone size-medium wp-image-45903\" src=\"https:\/\/radio94fm.net\/site\/wp-content\/uploads\/2026\/03\/ana-300x300.png\" alt=\"\" width=\"300\" height=\"300\" srcset=\"https:\/\/radio94fm.net\/site\/wp-content\/uploads\/2026\/03\/ana-300x300.png 300w, https:\/\/radio94fm.net\/site\/wp-content\/uploads\/2026\/03\/ana-1024x1024.png 1024w, https:\/\/radio94fm.net\/site\/wp-content\/uploads\/2026\/03\/ana-150x150.png 150w, https:\/\/radio94fm.net\/site\/wp-content\/uploads\/2026\/03\/ana-768x768.png 768w, https:\/\/radio94fm.net\/site\/wp-content\/uploads\/2026\/03\/ana-520x520.png 520w, https:\/\/radio94fm.net\/site\/wp-content\/uploads\/2026\/03\/ana.png 1080w\" sizes=\"auto, (max-width: 300px) 100vw, 300px\" \/><\/p>\n<p data-path-to-node=\"5\">O m\u00eas de mar\u00e7o \u00e9 marcado por reflex\u00f5es profundas sobre os direitos e a representatividade das mulheres na sociedade. Em Lavras, o debate ganha for\u00e7a com a atua\u00e7\u00e3o de lideran\u00e7as que ocupam a linha de frente da prote\u00e7\u00e3o e das decis\u00f5es pol\u00edticas. A delegada de pol\u00edcia e vereadora <b data-path-to-node=\"5\" data-index-in-node=\"278\">Ana Paula Arruda<\/b> destaca que este per\u00edodo serve para reafirmar o compromisso com o fortalecimento da rede de prote\u00e7\u00e3o, garantindo que as pol\u00edticas p\u00fablicas saiam do papel e transformem, de fato, o cotidiano das cidad\u00e3s lavrenses.<\/p>\n<p data-path-to-node=\"6\">Durante sua trajet\u00f3ria na Pol\u00edcia Civil, a <b data-path-to-node=\"6\" data-index-in-node=\"43\">Delegada Ana Paula<\/b> identificou como a presen\u00e7a feminina em cargos de comando \u00e9 essencial para humanizar o atendimento a v\u00edtimas de crimes. Segundo a vereadora, o protagonismo das mulheres na seguran\u00e7a p\u00fablica gera uma corrente de confian\u00e7a que encoraja outras mulheres a romperem ciclos de viol\u00eancia. &#8220;Percebi essa for\u00e7a ao acompanhar mulheres que, ao serem acolhidas por profissionais preparados, finalmente encontraram coragem para denunciar e recome\u00e7ar a pr\u00f3pria vida&#8221;, ressalta <b data-path-to-node=\"6\" data-index-in-node=\"525\">Ana Paula<\/b>.<\/p>\n<p data-path-to-node=\"7\">Para al\u00e9m da seguran\u00e7a, a atua\u00e7\u00e3o nos espa\u00e7os de decis\u00e3o e lideran\u00e7a \u00e9 apontada como um pilar para o progresso coletivo. A <b data-path-to-node=\"7\" data-index-in-node=\"123\">Vereadora Ana Paula<\/b> incentiva as mulheres de Lavras a ocuparem cargos de gest\u00e3o e a n\u00e3o se conformarem com as injusti\u00e7as, refor\u00e7ando que a lideran\u00e7a feminina influencia novas gera\u00e7\u00f5es a buscarem seu espa\u00e7o. A delegada enfatiza que o avan\u00e7o de uma mulher representa uma vit\u00f3ria para toda a comunidade, trazendo perspectivas mais inclusivas para o futuro da cidade.<\/p>\n<p data-path-to-node=\"8\">\ud83d\udcac Quer saber mais sobre o protagonismo feminino e seguran\u00e7a p\u00fablica? Ou\u00e7a o Fique Por Dentro na 94FM e fique sempre bem informado sobre o que acontece em Lavras e no Sul de Minas!<\/p>\n<audio class=\"wp-audio-shortcode\" id=\"audio-45929-1\" preload=\"none\" style=\"width: 100%;\" controls=\"controls\"><source type=\"audio\/mpeg\" src=\"https:\/\/radio94fm.net\/site\/wp-content\/uploads\/2026\/03\/FPD-ANA-PAULA-MULHERES-10-03-26.mp3?_=1\" \/><a href=\"https:\/\/radio94fm.net\/site\/wp-content\/uploads\/2026\/03\/FPD-ANA-PAULA-MULHERES-10-03-26.mp3\">https:\/\/radio94fm.net\/site\/wp-content\/uploads\/2026\/03\/FPD-ANA-PAULA-MULHERES-10-03-26.mp3<\/a><\/audio>\n","protected":false},"excerpt":{"rendered":"<p>O m\u00eas de mar\u00e7o \u00e9 marcado por reflex\u00f5es profundas sobre os direitos e a representatividade das mulheres na sociedade. Em Lavras, o debate ganha for\u00e7a com a atua\u00e7\u00e3o de lideran\u00e7as que ocupam a linha de frente da prote\u00e7\u00e3o e das decis\u00f5es pol\u00edticas. A delegada de pol\u00edcia e vereadora Ana Paula Arruda destaca que este per\u00edodo&#8230;<\/p>\n","protected":false},"author":3,"featured_media":45903,"comment_status":"open","ping_status":"open","sticky":false,"template":"","format":"standard","meta":{"ngg_post_thumbnail":0,"footnotes":""},"categories":[54],"tags":[],"class_list":["post-45929","post","type-post","status-publish","format-standard","has-post-thumbnail","hentry","category-fique-por-dentro","have-post-thumb"],"_links":{"self":[{"href":"https:\/\/radio94fm.net\/site\/wp-json\/wp\/v2\/posts\/45929","targetHints":{"allow":["GET"]}}],"collection":[{"href":"https:\/\/radio94fm.net\/site\/wp-json\/wp\/v2\/posts"}],"about":[{"href":"https:\/\/radio94fm.net\/site\/wp-json\/wp\/v2\/types\/post"}],"author":[{"embeddable":true,"href":"https:\/\/radio94fm.net\/site\/wp-json\/wp\/v2\/users\/3"}],"replies":[{"embeddable":true,"href":"https:\/\/radio94fm.net\/site\/wp-json\/wp\/v2\/comments?post=45929"}],"version-history":[{"count":1,"href":"https:\/\/radio94fm.net\/site\/wp-json\/wp\/v2\/posts\/45929\/revisions"}],"predecessor-version":[{"id":45930,"href":"https:\/\/radio94fm.net\/site\/wp-json\/wp\/v2\/posts\/45929\/revisions\/45930"}],"wp:featuredmedia":[{"embeddable":true,"href":"https:\/\/radio94fm.net\/site\/wp-json\/wp\/v2\/media\/45903"}],"wp:attachment":[{"href":"https:\/\/radio94fm.net\/site\/wp-json\/wp\/v2\/media?parent=45929"}],"wp:term":[{"taxonomy":"category","embeddable":true,"href":"https:\/\/radio94fm.net\/site\/wp-json\/wp\/v2\/categories?post=45929"},{"taxonomy":"post_tag","embeddable":true,"href":"https:\/\/radio94fm.net\/site\/wp-json\/wp\/v2\/tags?post=45929"}],"curies":[{"name":"wp","href":"https:\/\/api.w.org\/{rel}","templated":true}]}}