{"id":45891,"date":"2026-03-04T09:53:42","date_gmt":"2026-03-04T12:53:42","guid":{"rendered":"https:\/\/radio94fm.net\/site\/?p=45891"},"modified":"2026-03-04T09:53:42","modified_gmt":"2026-03-04T12:53:42","slug":"a-trajetoria-da-sargento-andressa-na-pmmg","status":"publish","type":"post","link":"https:\/\/radio94fm.net\/site\/a-trajetoria-da-sargento-andressa-na-pmmg\/","title":{"rendered":"A TRAJET\u00d3RIA DA SARGENTO ANDRESSA NA PMMG"},"content":{"rendered":"<p><img loading=\"lazy\" decoding=\"async\" class=\"alignnone size-medium wp-image-45894\" src=\"https:\/\/radio94fm.net\/site\/wp-content\/uploads\/2026\/03\/sgt-andressa-300x300.png\" alt=\"\" width=\"300\" height=\"300\" srcset=\"https:\/\/radio94fm.net\/site\/wp-content\/uploads\/2026\/03\/sgt-andressa-300x300.png 300w, https:\/\/radio94fm.net\/site\/wp-content\/uploads\/2026\/03\/sgt-andressa-1024x1024.png 1024w, https:\/\/radio94fm.net\/site\/wp-content\/uploads\/2026\/03\/sgt-andressa-150x150.png 150w, https:\/\/radio94fm.net\/site\/wp-content\/uploads\/2026\/03\/sgt-andressa-768x768.png 768w, https:\/\/radio94fm.net\/site\/wp-content\/uploads\/2026\/03\/sgt-andressa-520x520.png 520w, https:\/\/radio94fm.net\/site\/wp-content\/uploads\/2026\/03\/sgt-andressa.png 1080w\" sizes=\"auto, (max-width: 300px) 100vw, 300px\" \/><\/p>\n<p data-path-to-node=\"5\">A presen\u00e7a feminina nas for\u00e7as de seguran\u00e7a tem se consolidado como um exemplo de excel\u00eancia e profissionalismo em Minas Gerais. No programa &#8220;Fique Por Dentro&#8221; desta quarta-feira, 4 de mar\u00e7o, a <b data-path-to-node=\"5\" data-index-in-node=\"194\">Sargento Andressa Vilela<\/b>, da Pol\u00edcia Militar de Minas Gerais (PMMG), compartilhou os detalhes de sua trajet\u00f3ria e o que a motivou a seguir a carreira militar. A <b data-path-to-node=\"5\" data-index-in-node=\"356\">Sargento<\/b> destacou que a influ\u00eancia familiar foi fundamental, citando um tio reformado e o sonho antigo de sua m\u00e3e, que n\u00e3o p\u00f4de ingressar na corpora\u00e7\u00e3o devido \u00e0 idade, como os principais pilares de sua escolha.<\/p>\n<p data-path-to-node=\"6\">Durante a entrevista, <b data-path-to-node=\"6\" data-index-in-node=\"22\">Andressa<\/b> relembrou que o in\u00edcio da carreira foi marcado por grandes desafios, especialmente a adapta\u00e7\u00e3o \u00e0 rotina de dedica\u00e7\u00e3o exclusiva exigida pela Pol\u00edcia Militar. &#8220;Sempre fui muito grudada com a fam\u00edlia, e ficar o dia inteiro no quartel foi dif\u00edcil&#8221;, revelou a <b data-path-to-node=\"6\" data-index-in-node=\"286\">Sargento<\/b>. Por outro lado, a militar afirmou que a disciplina e a hierarquia n\u00e3o foram obst\u00e1culos, pois recebeu uma cria\u00e7\u00e3o pautada no respeito e em regras claras dentro de casa, o que facilitou sua integra\u00e7\u00e3o aos costumes da caserna.<\/p>\n<p data-path-to-node=\"7\">Um dos pontos altos do depoimento foi a evolu\u00e7\u00e3o do acesso das mulheres \u00e0 institui\u00e7\u00e3o. <b data-path-to-node=\"7\" data-index-in-node=\"87\">Andressa Vilela <\/b>pontuou que, na \u00e9poca de seu ingresso, apenas 10% das vagas eram destinadas ao p\u00fablico feminino, enquanto hoje as candidatas enfrentam a ampla concorr\u00eancia, disputando vagas de igual para igual com os homens. Para as mulheres que sonham com a farda, a <b data-path-to-node=\"7\" data-index-in-node=\"356\">Sargento<\/b> deixou um conselho de incentivo: &#8220;O fato de sermos mulheres n\u00e3o nos impede de nada. Podemos ocupar qualquer espa\u00e7o e fun\u00e7\u00e3o&#8221;, afirmou, destacando a import\u00e2ncia do preparo f\u00edsico e dos estudos.<\/p>\n<p data-path-to-node=\"8\">A hist\u00f3ria da <b data-path-to-node=\"8\" data-index-in-node=\"14\">Sargento Andressa<\/b> serve de inspira\u00e7\u00e3o para a comunidade de Lavras e regi\u00e3o, refor\u00e7ando o papel essencial das mulheres na manuten\u00e7\u00e3o da ordem p\u00fablica e da seguran\u00e7a. A Pol\u00edcia Militar continua sendo um espa\u00e7o de oportunidades para todos que possuem compromisso com o servi\u00e7o ao cidad\u00e3o e a disciplina militar.<\/p>\n<p data-path-to-node=\"9\">\ud83d\udcac Quer saber mais sobre a trajet\u00f3ria de mulheres nas for\u00e7as de seguran\u00e7a? Ou\u00e7a o Fique Por Dentro na 94FM e fique sempre bem informado sobre o que acontece em Lavras e no Sul de Minas!<\/p>\n<audio class=\"wp-audio-shortcode\" id=\"audio-45891-1\" preload=\"none\" style=\"width: 100%;\" controls=\"controls\"><source type=\"audio\/mpeg\" src=\"https:\/\/radio94fm.net\/site\/wp-content\/uploads\/2026\/03\/FPD-SARGENTO-ANDRESSA-04-03-26.mp3?_=1\" \/><a href=\"https:\/\/radio94fm.net\/site\/wp-content\/uploads\/2026\/03\/FPD-SARGENTO-ANDRESSA-04-03-26.mp3\">https:\/\/radio94fm.net\/site\/wp-content\/uploads\/2026\/03\/FPD-SARGENTO-ANDRESSA-04-03-26.mp3<\/a><\/audio>\n","protected":false},"excerpt":{"rendered":"<p>A presen\u00e7a feminina nas for\u00e7as de seguran\u00e7a tem se consolidado como um exemplo de excel\u00eancia e profissionalismo em Minas Gerais. No programa &#8220;Fique Por Dentro&#8221; desta quarta-feira, 4 de mar\u00e7o, a Sargento Andressa Vilela, da Pol\u00edcia Militar de Minas Gerais (PMMG), compartilhou os detalhes de sua trajet\u00f3ria e o que a motivou a seguir a&#8230;<\/p>\n","protected":false},"author":3,"featured_media":45894,"comment_status":"open","ping_status":"open","sticky":false,"template":"","format":"standard","meta":{"ngg_post_thumbnail":0,"footnotes":""},"categories":[54],"tags":[],"class_list":["post-45891","post","type-post","status-publish","format-standard","has-post-thumbnail","hentry","category-fique-por-dentro","have-post-thumb"],"_links":{"self":[{"href":"https:\/\/radio94fm.net\/site\/wp-json\/wp\/v2\/posts\/45891","targetHints":{"allow":["GET"]}}],"collection":[{"href":"https:\/\/radio94fm.net\/site\/wp-json\/wp\/v2\/posts"}],"about":[{"href":"https:\/\/radio94fm.net\/site\/wp-json\/wp\/v2\/types\/post"}],"author":[{"embeddable":true,"href":"https:\/\/radio94fm.net\/site\/wp-json\/wp\/v2\/users\/3"}],"replies":[{"embeddable":true,"href":"https:\/\/radio94fm.net\/site\/wp-json\/wp\/v2\/comments?post=45891"}],"version-history":[{"count":1,"href":"https:\/\/radio94fm.net\/site\/wp-json\/wp\/v2\/posts\/45891\/revisions"}],"predecessor-version":[{"id":45895,"href":"https:\/\/radio94fm.net\/site\/wp-json\/wp\/v2\/posts\/45891\/revisions\/45895"}],"wp:featuredmedia":[{"embeddable":true,"href":"https:\/\/radio94fm.net\/site\/wp-json\/wp\/v2\/media\/45894"}],"wp:attachment":[{"href":"https:\/\/radio94fm.net\/site\/wp-json\/wp\/v2\/media?parent=45891"}],"wp:term":[{"taxonomy":"category","embeddable":true,"href":"https:\/\/radio94fm.net\/site\/wp-json\/wp\/v2\/categories?post=45891"},{"taxonomy":"post_tag","embeddable":true,"href":"https:\/\/radio94fm.net\/site\/wp-json\/wp\/v2\/tags?post=45891"}],"curies":[{"name":"wp","href":"https:\/\/api.w.org\/{rel}","templated":true}]}}