{"id":45864,"date":"2026-03-03T13:15:51","date_gmt":"2026-03-03T16:15:51","guid":{"rendered":"https:\/\/radio94fm.net\/site\/?p=45864"},"modified":"2026-03-03T13:15:51","modified_gmt":"2026-03-03T16:15:51","slug":"doutora-explica-a-atuacao-do-medico-otorrinolaringologista","status":"publish","type":"post","link":"https:\/\/radio94fm.net\/site\/doutora-explica-a-atuacao-do-medico-otorrinolaringologista\/","title":{"rendered":"DOUTORA EXPLICA A ATUA\u00c7\u00c3O DO M\u00c9DICO OTORRINOLARINGOLOGISTA"},"content":{"rendered":"<p data-path-to-node=\"6\"><img loading=\"lazy\" decoding=\"async\" class=\"alignnone size-medium wp-image-45866\" src=\"https:\/\/radio94fm.net\/site\/wp-content\/uploads\/2026\/03\/2-1-300x300.png\" alt=\"\" width=\"300\" height=\"300\" srcset=\"https:\/\/radio94fm.net\/site\/wp-content\/uploads\/2026\/03\/2-1-300x300.png 300w, https:\/\/radio94fm.net\/site\/wp-content\/uploads\/2026\/03\/2-1-1024x1024.png 1024w, https:\/\/radio94fm.net\/site\/wp-content\/uploads\/2026\/03\/2-1-150x150.png 150w, https:\/\/radio94fm.net\/site\/wp-content\/uploads\/2026\/03\/2-1-768x768.png 768w, https:\/\/radio94fm.net\/site\/wp-content\/uploads\/2026\/03\/2-1-520x520.png 520w, https:\/\/radio94fm.net\/site\/wp-content\/uploads\/2026\/03\/2-1.png 1080w\" sizes=\"auto, (max-width: 300px) 100vw, 300px\" \/><\/p>\n<p data-path-to-node=\"6\">A otorrinolaringologia \u00e9 a especialidade m\u00e9dica dedicada ao diagn\u00f3stico e tratamento de doen\u00e7as que afetam os ouvidos, o nariz e a garganta, al\u00e9m de atuar em dist\u00farbios do sono, como o ronco e a apneia. Em entrevista ao programa &#8220;Fique Por Dentro&#8221;, a <b data-path-to-node=\"6\" data-index-in-node=\"251\">Dra. Ta\u00eds Vilela<\/b>, m\u00e9dica otorrinolaringologista, explicou que a \u00e1rea \u00e9 fundamental para os sentidos que nos conectam ao mundo, como audi\u00e7\u00e3o e olfato. Segundo a <b data-path-to-node=\"6\" data-index-in-node=\"411\">Dra. Ta\u00eds<\/b>, pacientes que apresentam sintomas como zumbido, tontura, rouquid\u00e3o persistente ou infec\u00e7\u00f5es recorrentes devem procurar o especialista para uma avalia\u00e7\u00e3o detalhada.<\/p>\n<p data-path-to-node=\"7\">Durante a consulta, al\u00e9m do exame f\u00edsico, o profissional pode realizar procedimentos complementares, como a videonasofaringolaringoscopia. Esse exame utiliza uma microc\u00e2mera introduzida pelas narinas para visualizar toda a via a\u00e9rea superior, sendo essencial para investigar queixas de tosse cr\u00f4nica e dificuldades respirat\u00f3rias. A <b data-path-to-node=\"7\" data-index-in-node=\"332\">Dra. Ta\u00eds<\/b> destacou que a especialidade possui uma caracter\u00edstica cl\u00ednico-cir\u00fargica, o que permite ao m\u00e9dico oferecer desde tratamentos medicamentosos em consult\u00f3rio at\u00e9 interven\u00e7\u00f5es cir\u00fargicas hospitalares que devolvem a qualidade de vida ao paciente.<\/p>\n<p data-path-to-node=\"8\">Para quem deseja seguir carreira na \u00e1rea, a <b data-path-to-node=\"8\" data-index-in-node=\"44\">m\u00e9dica<\/b> enfatiza que o dinamismo \u00e9 a principal marca da profiss\u00e3o. A versatilidade se manifesta no atendimento a pacientes de todas as idades e g\u00eaneros, al\u00e9m da rotina que alterna entre consultas, exames endosc\u00f3picos e o centro cir\u00fargico. Para a <b data-path-to-node=\"8\" data-index-in-node=\"289\">Dra. Ta\u00eds<\/b>, o maior diferencial do otorrinolaringologista \u00e9 a capacidade de realizar uma medicina humanizada que ajude o paciente a ouvir, respirar e viver melhor.<\/p>\n<p data-path-to-node=\"9\">\ud83d\udcac Quer saber mais sobre cuidados com a sua audi\u00e7\u00e3o e respira\u00e7\u00e3o? Ou\u00e7a o Fique Por Dentro na 94FM e fique sempre bem informado sobre o que acontece em Lavras e no Sul de Minas!<\/p>\n<audio class=\"wp-audio-shortcode\" id=\"audio-45864-1\" preload=\"none\" style=\"width: 100%;\" controls=\"controls\"><source type=\"audio\/mpeg\" src=\"https:\/\/radio94fm.net\/site\/wp-content\/uploads\/2026\/03\/FPD-OTORRINOLARINGOLOGIA-03-03-26.mp3?_=1\" \/><a href=\"https:\/\/radio94fm.net\/site\/wp-content\/uploads\/2026\/03\/FPD-OTORRINOLARINGOLOGIA-03-03-26.mp3\">https:\/\/radio94fm.net\/site\/wp-content\/uploads\/2026\/03\/FPD-OTORRINOLARINGOLOGIA-03-03-26.mp3<\/a><\/audio>\n","protected":false},"excerpt":{"rendered":"<p>A otorrinolaringologia \u00e9 a especialidade m\u00e9dica dedicada ao diagn\u00f3stico e tratamento de doen\u00e7as que afetam os ouvidos, o nariz e a garganta, al\u00e9m de atuar em dist\u00farbios do sono, como o ronco e a apneia. Em entrevista ao programa &#8220;Fique Por Dentro&#8221;, a Dra. Ta\u00eds Vilela, m\u00e9dica otorrinolaringologista, explicou que a \u00e1rea \u00e9 fundamental para&#8230;<\/p>\n","protected":false},"author":3,"featured_media":45866,"comment_status":"open","ping_status":"open","sticky":false,"template":"","format":"standard","meta":{"ngg_post_thumbnail":0,"footnotes":""},"categories":[54],"tags":[],"class_list":["post-45864","post","type-post","status-publish","format-standard","has-post-thumbnail","hentry","category-fique-por-dentro","have-post-thumb"],"_links":{"self":[{"href":"https:\/\/radio94fm.net\/site\/wp-json\/wp\/v2\/posts\/45864","targetHints":{"allow":["GET"]}}],"collection":[{"href":"https:\/\/radio94fm.net\/site\/wp-json\/wp\/v2\/posts"}],"about":[{"href":"https:\/\/radio94fm.net\/site\/wp-json\/wp\/v2\/types\/post"}],"author":[{"embeddable":true,"href":"https:\/\/radio94fm.net\/site\/wp-json\/wp\/v2\/users\/3"}],"replies":[{"embeddable":true,"href":"https:\/\/radio94fm.net\/site\/wp-json\/wp\/v2\/comments?post=45864"}],"version-history":[{"count":1,"href":"https:\/\/radio94fm.net\/site\/wp-json\/wp\/v2\/posts\/45864\/revisions"}],"predecessor-version":[{"id":45869,"href":"https:\/\/radio94fm.net\/site\/wp-json\/wp\/v2\/posts\/45864\/revisions\/45869"}],"wp:featuredmedia":[{"embeddable":true,"href":"https:\/\/radio94fm.net\/site\/wp-json\/wp\/v2\/media\/45866"}],"wp:attachment":[{"href":"https:\/\/radio94fm.net\/site\/wp-json\/wp\/v2\/media?parent=45864"}],"wp:term":[{"taxonomy":"category","embeddable":true,"href":"https:\/\/radio94fm.net\/site\/wp-json\/wp\/v2\/categories?post=45864"},{"taxonomy":"post_tag","embeddable":true,"href":"https:\/\/radio94fm.net\/site\/wp-json\/wp\/v2\/tags?post=45864"}],"curies":[{"name":"wp","href":"https:\/\/api.w.org\/{rel}","templated":true}]}}