{"id":38271,"date":"2022-09-02T16:35:20","date_gmt":"2022-09-02T19:35:20","guid":{"rendered":"http:\/\/www.radio94fm.net\/site\/?p=38271"},"modified":"2022-09-02T16:35:20","modified_gmt":"2022-09-02T19:35:20","slug":"fique-por-dentro-profissoes-do-futuro-tendencias-desafios-para-os-proximos-anos","status":"publish","type":"post","link":"https:\/\/radio94fm.net\/site\/fique-por-dentro-profissoes-do-futuro-tendencias-desafios-para-os-proximos-anos\/","title":{"rendered":"FIQUE POR DENTRO: Profiss\u00f5es do futuro:  tend\u00eancias desafios para os pr\u00f3ximos anos"},"content":{"rendered":"<p><a href=\"http:\/\/www.radio94fm.net\/site\/wp-content\/uploads\/2020\/02\/FIQUE-POR-DENTRO-2-BANNER.gif\"><img loading=\"lazy\" decoding=\"async\" class=\"size-full wp-image-32065 aligncenter\" src=\"http:\/\/www.radio94fm.net\/site\/wp-content\/uploads\/2020\/02\/FIQUE-POR-DENTRO-2-BANNER.gif\" alt=\"\" width=\"604\" height=\"154\"><\/a><\/p>\n<p>&nbsp;<\/p>\n<p style=\"font-weight: 400;\"><a href=\"http:\/\/www.radio94fm.net\/site\/wp-content\/uploads\/2022\/09\/download-2022-09-02T163240.384.jpg\"><img loading=\"lazy\" decoding=\"async\" class=\"alignleft size-full wp-image-38272\" src=\"http:\/\/www.radio94fm.net\/site\/wp-content\/uploads\/2022\/09\/download-2022-09-02T163240.384.jpg\" alt=\"\" width=\"275\" height=\"183\"><\/a>O perfil do mercado de trabalho muda constantemente conforme avan\u00e7am as tecnologias e as demandas da sociedade. At\u00e9 o final do s\u00e9culo 19, existia a profiss\u00e3o de acendedor de poste, que perdeu a fun\u00e7\u00e3o com a chegada das primeiras luzes el\u00e9tricas. Com o atual aumento da digitaliza\u00e7\u00e3o e da automa\u00e7\u00e3o, a tend\u00eancia \u00e9 que surjam novas profiss\u00f5es e, com elas, novos desafios.<\/p>\n<p>&nbsp;<\/p>\n<p style=\"font-weight: 400;\">&nbsp;No Fique Por Dentro 94FM a especialista em carreiras Juliana Guimar\u00e3es&nbsp;fala sobre mudan\u00e7as, identifica\u00e7\u00e3o de&nbsp;ocupa\u00e7\u00f5es&nbsp;profissionais e&nbsp;import\u00e2ncia de investir em capacita\u00e7\u00e3o.<\/p>\n<p style=\"font-weight: 400;\">&nbsp;<\/p>\n<p style=\"font-weight: 400;\">A administradora D\u00e9bora Barem cita as&nbsp;profiss\u00f5es&nbsp;que ser\u00e3o requisitadas.<\/p>\n<p style=\"font-weight: 400;\">&nbsp;<\/p>\n<p style=\"font-weight: 400;\">De acordo com o Mapa do Trabalho,&nbsp;paralelamente ao avan\u00e7o das m\u00e1quinas, o profissional precisa desenvolver habilidade emocional, pensamento cr\u00edtico, flexibilidade, resili\u00eancia, foco em resolu\u00e7\u00e3o de problemas, consci\u00eancia social e autogest\u00e3o, para nos pr\u00f3ximos anos enfrentar desafios profissionais que envolvem automa\u00e7\u00e3o, gerenciamento de crise, \u00e9tica, governan\u00e7a e combate \u00e0 corrup\u00e7\u00e3o empresarial.&nbsp;<\/p>\n<p>&nbsp;<\/p>\n<p>&nbsp;<\/p>\n<audio class=\"wp-audio-shortcode\" id=\"audio-38271-1\" preload=\"none\" style=\"width: 100%;\" controls=\"controls\"><source type=\"audio\/mpeg\" src=\"http:\/\/www.radio94fm.net\/site\/wp-content\/uploads\/2022\/09\/FPD-PROFISSOES-DO-FUTURO-02-09-22.mp3?_=1\" \/><a href=\"http:\/\/www.radio94fm.net\/site\/wp-content\/uploads\/2022\/09\/FPD-PROFISSOES-DO-FUTURO-02-09-22.mp3\">http:\/\/www.radio94fm.net\/site\/wp-content\/uploads\/2022\/09\/FPD-PROFISSOES-DO-FUTURO-02-09-22.mp3<\/a><\/audio>\n<p>&nbsp;<\/p>\n<p><a href=\"http:\/\/www.radio94fm.net\/site\/wp-content\/uploads\/2020\/02\/FIQUE-POR-DENTRO-1.gif\"><img loading=\"lazy\" decoding=\"async\" class=\"size-full wp-image-32063 aligncenter\" src=\"http:\/\/www.radio94fm.net\/site\/wp-content\/uploads\/2020\/02\/FIQUE-POR-DENTRO-1.gif\" alt=\"\" width=\"604\" height=\"80\"><\/a><\/p>\n<p>&nbsp;<\/p>\n","protected":false},"excerpt":{"rendered":"<p>&nbsp; O perfil do mercado de trabalho muda constantemente conforme avan\u00e7am as tecnologias e as demandas da sociedade. At\u00e9 o final do s\u00e9culo 19, existia a profiss\u00e3o de acendedor de poste, que perdeu a fun\u00e7\u00e3o com a chegada das primeiras luzes el\u00e9tricas. Com o atual aumento da digitaliza\u00e7\u00e3o e da automa\u00e7\u00e3o, a tend\u00eancia \u00e9 que&#8230;<\/p>\n","protected":false},"author":1,"featured_media":38272,"comment_status":"open","ping_status":"closed","sticky":false,"template":"","format":"standard","meta":{"ngg_post_thumbnail":0,"footnotes":""},"categories":[54],"tags":[],"class_list":["post-38271","post","type-post","status-publish","format-standard","has-post-thumbnail","hentry","category-fique-por-dentro","have-post-thumb"],"_links":{"self":[{"href":"https:\/\/radio94fm.net\/site\/wp-json\/wp\/v2\/posts\/38271","targetHints":{"allow":["GET"]}}],"collection":[{"href":"https:\/\/radio94fm.net\/site\/wp-json\/wp\/v2\/posts"}],"about":[{"href":"https:\/\/radio94fm.net\/site\/wp-json\/wp\/v2\/types\/post"}],"author":[{"embeddable":true,"href":"https:\/\/radio94fm.net\/site\/wp-json\/wp\/v2\/users\/1"}],"replies":[{"embeddable":true,"href":"https:\/\/radio94fm.net\/site\/wp-json\/wp\/v2\/comments?post=38271"}],"version-history":[{"count":0,"href":"https:\/\/radio94fm.net\/site\/wp-json\/wp\/v2\/posts\/38271\/revisions"}],"wp:featuredmedia":[{"embeddable":true,"href":"https:\/\/radio94fm.net\/site\/wp-json\/wp\/v2\/media\/38272"}],"wp:attachment":[{"href":"https:\/\/radio94fm.net\/site\/wp-json\/wp\/v2\/media?parent=38271"}],"wp:term":[{"taxonomy":"category","embeddable":true,"href":"https:\/\/radio94fm.net\/site\/wp-json\/wp\/v2\/categories?post=38271"},{"taxonomy":"post_tag","embeddable":true,"href":"https:\/\/radio94fm.net\/site\/wp-json\/wp\/v2\/tags?post=38271"}],"curies":[{"name":"wp","href":"https:\/\/api.w.org\/{rel}","templated":true}]}}