{"id":38236,"date":"2022-08-30T09:41:08","date_gmt":"2022-08-30T12:41:08","guid":{"rendered":"http:\/\/www.radio94fm.net\/site\/?p=38236"},"modified":"2022-08-30T09:41:08","modified_gmt":"2022-08-30T12:41:08","slug":"conferencia-municipal-de-cultura-comeca-hoje-em-lavras","status":"publish","type":"post","link":"https:\/\/radio94fm.net\/site\/conferencia-municipal-de-cultura-comeca-hoje-em-lavras\/","title":{"rendered":"CONFER\u00caNCIA MUNICIPAL DE CULTURA COME\u00c7A HOJE  EM LAVRAS"},"content":{"rendered":"<p><a href=\"http:\/\/www.radio94fm.net\/site\/wp-content\/uploads\/2020\/02\/FIQUE-POR-DENTRO-2-BANNER.gif\"><img loading=\"lazy\" decoding=\"async\" class=\"size-full wp-image-32065 aligncenter\" src=\"http:\/\/www.radio94fm.net\/site\/wp-content\/uploads\/2020\/02\/FIQUE-POR-DENTRO-2-BANNER.gif\" alt=\"\" width=\"604\" height=\"154\"><\/a><\/p>\n<p>&nbsp;<\/p>\n<p><a href=\"http:\/\/www.radio94fm.net\/site\/wp-content\/uploads\/2022\/08\/download-2022-08-30T093905.081.jpg\"><img loading=\"lazy\" decoding=\"async\" class=\"alignleft size-full wp-image-38238\" src=\"http:\/\/www.radio94fm.net\/site\/wp-content\/uploads\/2022\/08\/download-2022-08-30T093905.081.jpg\" alt=\"\" width=\"270\" height=\"187\"><\/a>A Secretaria Municipal de Cultura, Esporte, Lazer e Turismo (SELTC), realiza &nbsp;Confer\u00eancia Municipal de Cultura, objetivando &nbsp;&nbsp;montar&nbsp; o plano municipal &nbsp;para o setor. O evento, organizado pelo Conselho Municipal de Pol\u00edtica Cultural, Alfa Junior \u2013 Empresa Junior da Universidade Federal de Lavras (UFLA) e Observat\u00f3rio de Pol\u00edticas P\u00fablicas (OPP), acontecer\u00e1 em tr\u00eas fases.<\/p>\n<p>&nbsp;<\/p>\n<p>Quem fala ao Fique por Dentro 94FM &nbsp;sobre Confer\u00eancia Municipal de Cultura \u00e9 a professora doutora Luciana Braga Silveira .&nbsp;&nbsp;&nbsp;&nbsp;&nbsp;&nbsp;&nbsp;&nbsp;&nbsp;&nbsp;&nbsp;&nbsp;&nbsp;&nbsp;&nbsp;&nbsp;&nbsp;&nbsp;&nbsp;&nbsp;&nbsp;&nbsp;&nbsp;&nbsp;&nbsp;&nbsp;&nbsp;&nbsp;&nbsp;&nbsp;&nbsp;&nbsp;&nbsp;&nbsp;&nbsp;&nbsp;&nbsp;<\/p>\n<p>&nbsp;&nbsp;&nbsp;&nbsp;&nbsp;&nbsp;&nbsp;&nbsp;&nbsp;&nbsp;&nbsp;&nbsp;&nbsp;&nbsp;&nbsp;&nbsp;&nbsp;&nbsp;&nbsp;&nbsp;&nbsp;&nbsp;&nbsp;&nbsp;&nbsp;&nbsp;&nbsp;&nbsp;&nbsp;&nbsp;&nbsp;&nbsp;&nbsp;&nbsp;&nbsp;&nbsp;&nbsp;&nbsp;&nbsp;&nbsp;&nbsp;&nbsp;&nbsp;&nbsp;&nbsp;&nbsp;&nbsp;&nbsp;&nbsp;&nbsp;&nbsp;&nbsp;&nbsp;&nbsp;&nbsp;&nbsp;&nbsp;&nbsp;&nbsp;&nbsp;&nbsp;&nbsp;<\/p>\n<p>&nbsp;A&nbsp; professora doutora Luciana &nbsp;explica como vai acontecer as tr\u00eas fases da confer\u00eancia&nbsp; &nbsp; &nbsp; &nbsp; &nbsp; &nbsp; &nbsp; &nbsp; &nbsp; &nbsp; &nbsp; &nbsp; &nbsp; &nbsp; &nbsp; &nbsp; &nbsp; &nbsp; &nbsp; &nbsp; &nbsp; &nbsp; &nbsp; &nbsp; &nbsp; &nbsp; &nbsp; &nbsp; &nbsp; &nbsp; &nbsp; &nbsp; &nbsp; &nbsp; &nbsp; &nbsp; &nbsp; &nbsp;<\/p>\n<p><strong>&nbsp;<\/strong><\/p>\n<p>Vale relembrar &nbsp;o evento ocorrer\u00e1 &nbsp;nos dias&nbsp; 30, 31 de agosto e 1\u00ba &nbsp;e 06 de setembro&nbsp; de 18&nbsp; \u00e1s 22 horas &nbsp;&nbsp;na Escola Municipal \u00c1lvaro Botelho. E dia 13 de setembro , de 18 \u00e1s 22 horas na Escola Municipal &nbsp;Dra. D\u00e2mina<\/p>\n<p>&nbsp;<\/p>\n<p>&nbsp;<\/p>\n<audio class=\"wp-audio-shortcode\" id=\"audio-38236-1\" preload=\"none\" style=\"width: 100%;\" controls=\"controls\"><source type=\"audio\/mpeg\" src=\"http:\/\/www.radio94fm.net\/site\/wp-content\/uploads\/2022\/08\/FPD-CONF-MUNICIPAL-DE-CULTURA-30-08-22.mp3?_=1\" \/><a href=\"http:\/\/www.radio94fm.net\/site\/wp-content\/uploads\/2022\/08\/FPD-CONF-MUNICIPAL-DE-CULTURA-30-08-22.mp3\">http:\/\/www.radio94fm.net\/site\/wp-content\/uploads\/2022\/08\/FPD-CONF-MUNICIPAL-DE-CULTURA-30-08-22.mp3<\/a><\/audio>\n<p>&nbsp;<\/p>\n<p>&nbsp;<\/p>\n<p><a href=\"http:\/\/www.radio94fm.net\/site\/wp-content\/uploads\/2020\/02\/FIQUE-POR-DENTRO-1.gif\"><img loading=\"lazy\" decoding=\"async\" class=\"size-full wp-image-32063 aligncenter\" src=\"http:\/\/www.radio94fm.net\/site\/wp-content\/uploads\/2020\/02\/FIQUE-POR-DENTRO-1.gif\" alt=\"\" width=\"604\" height=\"80\"><\/a><\/p>\n","protected":false},"excerpt":{"rendered":"<p>&nbsp; A Secretaria Municipal de Cultura, Esporte, Lazer e Turismo (SELTC), realiza &nbsp;Confer\u00eancia Municipal de Cultura, objetivando &nbsp;&nbsp;montar&nbsp; o plano municipal &nbsp;para o setor. O evento, organizado pelo Conselho Municipal de Pol\u00edtica Cultural, Alfa Junior \u2013 Empresa Junior da Universidade Federal de Lavras (UFLA) e Observat\u00f3rio de Pol\u00edticas P\u00fablicas (OPP), acontecer\u00e1 em tr\u00eas fases. &nbsp;&#8230;<\/p>\n","protected":false},"author":1,"featured_media":38238,"comment_status":"open","ping_status":"closed","sticky":false,"template":"","format":"standard","meta":{"ngg_post_thumbnail":0,"footnotes":""},"categories":[54],"tags":[],"class_list":["post-38236","post","type-post","status-publish","format-standard","has-post-thumbnail","hentry","category-fique-por-dentro","have-post-thumb"],"_links":{"self":[{"href":"https:\/\/radio94fm.net\/site\/wp-json\/wp\/v2\/posts\/38236","targetHints":{"allow":["GET"]}}],"collection":[{"href":"https:\/\/radio94fm.net\/site\/wp-json\/wp\/v2\/posts"}],"about":[{"href":"https:\/\/radio94fm.net\/site\/wp-json\/wp\/v2\/types\/post"}],"author":[{"embeddable":true,"href":"https:\/\/radio94fm.net\/site\/wp-json\/wp\/v2\/users\/1"}],"replies":[{"embeddable":true,"href":"https:\/\/radio94fm.net\/site\/wp-json\/wp\/v2\/comments?post=38236"}],"version-history":[{"count":0,"href":"https:\/\/radio94fm.net\/site\/wp-json\/wp\/v2\/posts\/38236\/revisions"}],"wp:featuredmedia":[{"embeddable":true,"href":"https:\/\/radio94fm.net\/site\/wp-json\/wp\/v2\/media\/38238"}],"wp:attachment":[{"href":"https:\/\/radio94fm.net\/site\/wp-json\/wp\/v2\/media?parent=38236"}],"wp:term":[{"taxonomy":"category","embeddable":true,"href":"https:\/\/radio94fm.net\/site\/wp-json\/wp\/v2\/categories?post=38236"},{"taxonomy":"post_tag","embeddable":true,"href":"https:\/\/radio94fm.net\/site\/wp-json\/wp\/v2\/tags?post=38236"}],"curies":[{"name":"wp","href":"https:\/\/api.w.org\/{rel}","templated":true}]}}