{"id":38222,"date":"2022-08-29T09:08:48","date_gmt":"2022-08-29T12:08:48","guid":{"rendered":"http:\/\/www.radio94fm.net\/site\/?p=38222"},"modified":"2022-08-29T09:08:48","modified_gmt":"2022-08-29T12:08:48","slug":"motorista-sem-multa-podera-ser-premiado-com-desconto-em-taxas-a-partir-de-setembro","status":"publish","type":"post","link":"https:\/\/radio94fm.net\/site\/motorista-sem-multa-podera-ser-premiado-com-desconto-em-taxas-a-partir-de-setembro\/","title":{"rendered":"MOTORISTA SEM MULTA PODER\u00c1 SER PREMIADO  COM DESCONTO EM TAXAS A PARTIR DE SETEMBRO"},"content":{"rendered":"<p><a href=\"http:\/\/www.radio94fm.net\/site\/wp-content\/uploads\/2020\/02\/FIQUE-POR-DENTRO-2-BANNER.gif\"><img loading=\"lazy\" decoding=\"async\" class=\"size-full wp-image-32065 aligncenter\" src=\"http:\/\/www.radio94fm.net\/site\/wp-content\/uploads\/2020\/02\/FIQUE-POR-DENTRO-2-BANNER.gif\" alt=\"\" width=\"604\" height=\"154\"><\/a><\/p>\n<p>&nbsp;<\/p>\n<p style=\"font-weight: 400;\"><strong><a href=\"http:\/\/www.radio94fm.net\/site\/wp-content\/uploads\/2022\/08\/download-2022-08-29T090648.409.jpg\"><img loading=\"lazy\" decoding=\"async\" class=\"alignleft size-full wp-image-38223\" src=\"http:\/\/www.radio94fm.net\/site\/wp-content\/uploads\/2022\/08\/download-2022-08-29T090648.409.jpg\" alt=\"\" width=\"251\" height=\"201\"><\/a>Condutor que n\u00e3o tiver infra\u00e7\u00e3o nos \u00faltimos 12 meses poder\u00e1 se inscrever no cadastro positivo pela&nbsp;Carteira Digital de Tr\u00e2nsito e &nbsp;&nbsp;<\/strong>poder\u00e1 &nbsp;ter benef\u00edcios como descontos em taxas de \u00f3rg\u00e3os de tr\u00e2nsito, em ap\u00f3lices de seguros ou em locadora de ve\u00edculos&nbsp;&nbsp;&nbsp;&nbsp;&nbsp;&nbsp;&nbsp;&nbsp;<\/p>\n<p style=\"font-weight: 400;\">&nbsp;<\/p>\n<p style=\"font-weight: 400;\">O chamado Registro Nacional Positivo de Condutores (RNPC)&nbsp;come\u00e7ar\u00e1 a aceitar cadastros em setembro.<\/p>\n<p style=\"font-weight: 400;\">\nA equipe do Fique por Dentro 94Fm foi \u00e0s ruas&nbsp; saber o que as pessoas acham dessa medida<\/p>\n<p style=\"font-weight: 400;\">&nbsp;<\/p>\n<p style=\"font-weight: 400;\">Os benef\u00edcios , por\u00e9m ,&nbsp;ficar\u00e3o a crit\u00e9rio de quem oferecer\u00e1. &nbsp;&nbsp;&nbsp;&nbsp;&nbsp;&nbsp;&nbsp;&nbsp;&nbsp;&nbsp;&nbsp;&nbsp;&nbsp;&nbsp;<\/p>\n<p style=\"font-weight: 400;\">\u00d3rg\u00e3os p\u00fablicos de tr\u00e2nsito e entidades privadas, como seguradoras e locadoras de carros, poder\u00e3o usar a lista para oferecer vantagens como desconto em seguros, tarifas de ped\u00e1gio e estacionamentos, al\u00e9m de descontos e isen\u00e7\u00f5es de taxas e tributos pelos \u00f3rg\u00e3os governamentais.&nbsp;&nbsp;<\/p>\n<p>&nbsp;<\/p>\n<p>&nbsp;<\/p>\n<audio class=\"wp-audio-shortcode\" id=\"audio-38222-1\" preload=\"none\" style=\"width: 100%;\" controls=\"controls\"><source type=\"audio\/mpeg\" src=\"http:\/\/www.radio94fm.net\/site\/wp-content\/uploads\/2022\/08\/FPD-BOM-MOTORISTA-PODERA-SER-PREMIADO-29-08-22.mp3?_=1\" \/><a href=\"http:\/\/www.radio94fm.net\/site\/wp-content\/uploads\/2022\/08\/FPD-BOM-MOTORISTA-PODERA-SER-PREMIADO-29-08-22.mp3\">http:\/\/www.radio94fm.net\/site\/wp-content\/uploads\/2022\/08\/FPD-BOM-MOTORISTA-PODERA-SER-PREMIADO-29-08-22.mp3<\/a><\/audio>\n<p>&nbsp;<\/p>\n<p><a href=\"http:\/\/www.radio94fm.net\/site\/wp-content\/uploads\/2020\/02\/FIQUE-POR-DENTRO-1.gif\"><img loading=\"lazy\" decoding=\"async\" class=\"size-full wp-image-32063 aligncenter\" src=\"http:\/\/www.radio94fm.net\/site\/wp-content\/uploads\/2020\/02\/FIQUE-POR-DENTRO-1.gif\" alt=\"\" width=\"604\" height=\"80\"><\/a><\/p>\n","protected":false},"excerpt":{"rendered":"<p>&nbsp; Condutor que n\u00e3o tiver infra\u00e7\u00e3o nos \u00faltimos 12 meses poder\u00e1 se inscrever no cadastro positivo pela&nbsp;Carteira Digital de Tr\u00e2nsito e &nbsp;&nbsp;poder\u00e1 &nbsp;ter benef\u00edcios como descontos em taxas de \u00f3rg\u00e3os de tr\u00e2nsito, em ap\u00f3lices de seguros ou em locadora de ve\u00edculos&nbsp;&nbsp;&nbsp;&nbsp;&nbsp;&nbsp;&nbsp;&nbsp; &nbsp; O chamado Registro Nacional Positivo de Condutores (RNPC)&nbsp;come\u00e7ar\u00e1 a aceitar cadastros em setembro&#8230;.<\/p>\n","protected":false},"author":1,"featured_media":38223,"comment_status":"open","ping_status":"closed","sticky":false,"template":"","format":"standard","meta":{"ngg_post_thumbnail":0,"footnotes":""},"categories":[54],"tags":[],"class_list":["post-38222","post","type-post","status-publish","format-standard","has-post-thumbnail","hentry","category-fique-por-dentro","have-post-thumb"],"_links":{"self":[{"href":"https:\/\/radio94fm.net\/site\/wp-json\/wp\/v2\/posts\/38222","targetHints":{"allow":["GET"]}}],"collection":[{"href":"https:\/\/radio94fm.net\/site\/wp-json\/wp\/v2\/posts"}],"about":[{"href":"https:\/\/radio94fm.net\/site\/wp-json\/wp\/v2\/types\/post"}],"author":[{"embeddable":true,"href":"https:\/\/radio94fm.net\/site\/wp-json\/wp\/v2\/users\/1"}],"replies":[{"embeddable":true,"href":"https:\/\/radio94fm.net\/site\/wp-json\/wp\/v2\/comments?post=38222"}],"version-history":[{"count":0,"href":"https:\/\/radio94fm.net\/site\/wp-json\/wp\/v2\/posts\/38222\/revisions"}],"wp:featuredmedia":[{"embeddable":true,"href":"https:\/\/radio94fm.net\/site\/wp-json\/wp\/v2\/media\/38223"}],"wp:attachment":[{"href":"https:\/\/radio94fm.net\/site\/wp-json\/wp\/v2\/media?parent=38222"}],"wp:term":[{"taxonomy":"category","embeddable":true,"href":"https:\/\/radio94fm.net\/site\/wp-json\/wp\/v2\/categories?post=38222"},{"taxonomy":"post_tag","embeddable":true,"href":"https:\/\/radio94fm.net\/site\/wp-json\/wp\/v2\/tags?post=38222"}],"curies":[{"name":"wp","href":"https:\/\/api.w.org\/{rel}","templated":true}]}}