{"id":38218,"date":"2022-08-26T10:19:29","date_gmt":"2022-08-26T13:19:29","guid":{"rendered":"http:\/\/www.radio94fm.net\/site\/?p=38218"},"modified":"2022-08-26T10:19:29","modified_gmt":"2022-08-26T13:19:29","slug":"fique-por-dentro-em-lavras-inscricoes-para-programa-salto-aceleradora-terminam-na-proxima-semana","status":"publish","type":"post","link":"https:\/\/radio94fm.net\/site\/fique-por-dentro-em-lavras-inscricoes-para-programa-salto-aceleradora-terminam-na-proxima-semana\/","title":{"rendered":"FIQUE POR DENTRO: EM LAVRAS, INSCRI\u00c7\u00d5ES PARA PROGRAMA SALTO ACELERADORA TERMINAM NA PROXIMA SEMANA"},"content":{"rendered":"<p><a href=\"http:\/\/www.radio94fm.net\/site\/wp-content\/uploads\/2020\/02\/FIQUE-POR-DENTRO-2-BANNER.gif\"><img loading=\"lazy\" decoding=\"async\" class=\"size-full wp-image-32065 aligncenter\" src=\"http:\/\/www.radio94fm.net\/site\/wp-content\/uploads\/2020\/02\/FIQUE-POR-DENTRO-2-BANNER.gif\" alt=\"\" width=\"604\" height=\"154\"><\/a><\/p>\n<p>&nbsp;<\/p>\n<p>&nbsp;<\/p>\n<p><a href=\"http:\/\/www.radio94fm.net\/site\/wp-content\/uploads\/2022\/08\/download-13.png\"><img loading=\"lazy\" decoding=\"async\" class=\"alignleft size-full wp-image-38220\" src=\"http:\/\/www.radio94fm.net\/site\/wp-content\/uploads\/2022\/08\/download-13.png\" alt=\"\" width=\"289\" height=\"174\"><\/a>Termina na pr\u00f3xima semana o prazo de inscri\u00e7\u00e3o para os Microempreendedores Lavrenses participarem do programa de acelera\u00e7\u00e3o Salto Aceleradora.<\/p>\n<p>&nbsp;<\/p>\n<p>O Secret\u00e1rio de Desenvolvimento Econ\u00f4mico, Inova\u00e7\u00e3o e Tecnologia, Paulo Renato Gon\u00e7alves J\u00fanior (CURIO) conversou com a equipe do fique por dentro 94fm e deu mais detalhes do programa voltado para os microempreendedores Lavrenses.<\/p>\n<p>&nbsp;<\/p>\n<p>As inscri\u00e7\u00f5es v\u00e3o at\u00e9 o dia 29\/08 e devem ser feitas online pelo site www.oferta.sebraemg.com.br\/salto-lavras , ou pelas p\u00e1ginas oficiais do Sebrae Minas.<\/p>\n<p>&nbsp;<\/p>\n<audio class=\"wp-audio-shortcode\" id=\"audio-38218-1\" preload=\"none\" style=\"width: 100%;\" controls=\"controls\"><source type=\"audio\/mpeg\" src=\"http:\/\/www.radio94fm.net\/site\/wp-content\/uploads\/2022\/08\/FPD-SALTO-ACELERADORA-26-08-22.mp3?_=1\" \/><a href=\"http:\/\/www.radio94fm.net\/site\/wp-content\/uploads\/2022\/08\/FPD-SALTO-ACELERADORA-26-08-22.mp3\">http:\/\/www.radio94fm.net\/site\/wp-content\/uploads\/2022\/08\/FPD-SALTO-ACELERADORA-26-08-22.mp3<\/a><\/audio>\n<p>&nbsp;<\/p>\n<p>&nbsp;<\/p>\n<p>&nbsp;<\/p>\n<p><a href=\"http:\/\/www.radio94fm.net\/site\/wp-content\/uploads\/2020\/02\/FIQUE-POR-DENTRO-1.gif\"><img loading=\"lazy\" decoding=\"async\" class=\"size-full wp-image-32063 aligncenter\" src=\"http:\/\/www.radio94fm.net\/site\/wp-content\/uploads\/2020\/02\/FIQUE-POR-DENTRO-1.gif\" alt=\"\" width=\"604\" height=\"80\"><\/a><\/p>\n","protected":false},"excerpt":{"rendered":"<p>&nbsp; &nbsp; Termina na pr\u00f3xima semana o prazo de inscri\u00e7\u00e3o para os Microempreendedores Lavrenses participarem do programa de acelera\u00e7\u00e3o Salto Aceleradora. &nbsp; O Secret\u00e1rio de Desenvolvimento Econ\u00f4mico, Inova\u00e7\u00e3o e Tecnologia, Paulo Renato Gon\u00e7alves J\u00fanior (CURIO) conversou com a equipe do fique por dentro 94fm e deu mais detalhes do programa voltado para os microempreendedores Lavrenses&#8230;.<\/p>\n","protected":false},"author":1,"featured_media":38220,"comment_status":"open","ping_status":"closed","sticky":false,"template":"","format":"standard","meta":{"ngg_post_thumbnail":0,"footnotes":""},"categories":[54],"tags":[],"class_list":["post-38218","post","type-post","status-publish","format-standard","has-post-thumbnail","hentry","category-fique-por-dentro","have-post-thumb"],"_links":{"self":[{"href":"https:\/\/radio94fm.net\/site\/wp-json\/wp\/v2\/posts\/38218","targetHints":{"allow":["GET"]}}],"collection":[{"href":"https:\/\/radio94fm.net\/site\/wp-json\/wp\/v2\/posts"}],"about":[{"href":"https:\/\/radio94fm.net\/site\/wp-json\/wp\/v2\/types\/post"}],"author":[{"embeddable":true,"href":"https:\/\/radio94fm.net\/site\/wp-json\/wp\/v2\/users\/1"}],"replies":[{"embeddable":true,"href":"https:\/\/radio94fm.net\/site\/wp-json\/wp\/v2\/comments?post=38218"}],"version-history":[{"count":0,"href":"https:\/\/radio94fm.net\/site\/wp-json\/wp\/v2\/posts\/38218\/revisions"}],"wp:featuredmedia":[{"embeddable":true,"href":"https:\/\/radio94fm.net\/site\/wp-json\/wp\/v2\/media\/38220"}],"wp:attachment":[{"href":"https:\/\/radio94fm.net\/site\/wp-json\/wp\/v2\/media?parent=38218"}],"wp:term":[{"taxonomy":"category","embeddable":true,"href":"https:\/\/radio94fm.net\/site\/wp-json\/wp\/v2\/categories?post=38218"},{"taxonomy":"post_tag","embeddable":true,"href":"https:\/\/radio94fm.net\/site\/wp-json\/wp\/v2\/tags?post=38218"}],"curies":[{"name":"wp","href":"https:\/\/api.w.org\/{rel}","templated":true}]}}