{"id":37632,"date":"2022-06-22T14:45:35","date_gmt":"2022-06-22T17:45:35","guid":{"rendered":"http:\/\/www.radio94fm.net\/site\/?p=37632"},"modified":"2022-06-22T14:45:35","modified_gmt":"2022-06-22T17:45:35","slug":"fique-por-dentro-infrator-e-preso-pela-policia-militar-do-meio-ambiente-em-perdoes","status":"publish","type":"post","link":"https:\/\/radio94fm.net\/site\/fique-por-dentro-infrator-e-preso-pela-policia-militar-do-meio-ambiente-em-perdoes\/","title":{"rendered":"FIQUE POR DENTRO: INFRATOR \u00c9 PRESO PELA POL\u00cdCIA MILITAR DO MEIO AMBIENTE EM PERD\u00d5ES"},"content":{"rendered":"<p><a href=\"http:\/\/www.radio94fm.net\/site\/wp-content\/uploads\/2020\/02\/FIQUE-POR-DENTRO-2-BANNER.gif\"><img loading=\"lazy\" decoding=\"async\" class=\"size-full wp-image-32065 aligncenter\" src=\"http:\/\/www.radio94fm.net\/site\/wp-content\/uploads\/2020\/02\/FIQUE-POR-DENTRO-2-BANNER.gif\" alt=\"\" width=\"604\" height=\"154\"><\/a><\/p>\n<p>&nbsp;<\/p>\n<p><a href=\"http:\/\/www.radio94fm.net\/site\/wp-content\/uploads\/2022\/06\/pm-meioambiente.jpg\"><img loading=\"lazy\" decoding=\"async\" class=\"alignleft wp-image-37636\" src=\"http:\/\/www.radio94fm.net\/site\/wp-content\/uploads\/2022\/06\/pm-meioambiente.jpg\" alt=\"\" width=\"386\" height=\"258\" srcset=\"https:\/\/radio94fm.net\/site\/wp-content\/uploads\/2022\/06\/pm-meioambiente.jpg 1000w, https:\/\/radio94fm.net\/site\/wp-content\/uploads\/2022\/06\/pm-meioambiente-300x200.jpg 300w, https:\/\/radio94fm.net\/site\/wp-content\/uploads\/2022\/06\/pm-meioambiente-768x512.jpg 768w\" sizes=\"auto, (max-width: 386px) 100vw, 386px\" \/><\/a><\/p>\n<p>Na \u00faltima segunda feira, a Pol\u00edcia Militar de Meio Ambiente de Lavras, efetuou a pris\u00e3o de uma pessoa que praticava pesca no trecho proibido do Rio Grande, no munic\u00edpio de Perd\u00f5es.<\/p>\n<p>&nbsp;<\/p>\n<p>&nbsp;<\/p>\n<p>O 2\u00aa Sargento da Policia Militar do Meio Ambiente Luiz Cl\u00e1udio, falou ao Fique Por Dentro 94fm como ocorreu a opera\u00e7\u00e3o contra pesca ilegal.<\/p>\n<p>&nbsp;<\/p>\n<p>&nbsp;<\/p>\n<p>O 2\u00b0 sargento falou tamb\u00e9m sobre os locais proibidos para pesca que se caracterizam como crime ambiental.<\/p>\n<p>&nbsp;<\/p>\n<p>O ve\u00edculo utilizado no crime foi removido pelo servi\u00e7o de guincho, ficando a disposi\u00e7\u00e3o da autoridade de Pol\u00edcia Civil.<\/p>\n<p>&nbsp;<\/p>\n<p>&nbsp;<\/p>\n<audio class=\"wp-audio-shortcode\" id=\"audio-37632-1\" preload=\"none\" style=\"width: 100%;\" controls=\"controls\"><source type=\"audio\/mpeg\" src=\"http:\/\/www.radio94fm.net\/site\/wp-content\/uploads\/2022\/06\/FPD-HOMEM-E-PRESO-POR-PESCA-ILEGAL-22-06-22.mp3?_=1\" \/><a href=\"http:\/\/www.radio94fm.net\/site\/wp-content\/uploads\/2022\/06\/FPD-HOMEM-E-PRESO-POR-PESCA-ILEGAL-22-06-22.mp3\">http:\/\/www.radio94fm.net\/site\/wp-content\/uploads\/2022\/06\/FPD-HOMEM-E-PRESO-POR-PESCA-ILEGAL-22-06-22.mp3<\/a><\/audio>\n<p>&nbsp;<\/p>\n<p>&nbsp;<\/p>\n<p>&nbsp;<\/p>\n<p>&nbsp;<\/p>\n<p><a href=\"http:\/\/www.radio94fm.net\/site\/wp-content\/uploads\/2020\/02\/FIQUE-POR-DENTRO-1.gif\"><img loading=\"lazy\" decoding=\"async\" class=\"size-full wp-image-32063 aligncenter\" src=\"http:\/\/www.radio94fm.net\/site\/wp-content\/uploads\/2020\/02\/FIQUE-POR-DENTRO-1.gif\" alt=\"\" width=\"604\" height=\"80\"><\/a><\/p>\n<p>&nbsp;<\/p>\n","protected":false},"excerpt":{"rendered":"<p>&nbsp; Na \u00faltima segunda feira, a Pol\u00edcia Militar de Meio Ambiente de Lavras, efetuou a pris\u00e3o de uma pessoa que praticava pesca no trecho proibido do Rio Grande, no munic\u00edpio de Perd\u00f5es. &nbsp; &nbsp; O 2\u00aa Sargento da Policia Militar do Meio Ambiente Luiz Cl\u00e1udio, falou ao Fique Por Dentro 94fm como ocorreu a opera\u00e7\u00e3o&#8230;<\/p>\n","protected":false},"author":1,"featured_media":37636,"comment_status":"open","ping_status":"closed","sticky":false,"template":"","format":"standard","meta":{"ngg_post_thumbnail":0,"footnotes":""},"categories":[54],"tags":[],"class_list":["post-37632","post","type-post","status-publish","format-standard","has-post-thumbnail","hentry","category-fique-por-dentro","have-post-thumb"],"_links":{"self":[{"href":"https:\/\/radio94fm.net\/site\/wp-json\/wp\/v2\/posts\/37632","targetHints":{"allow":["GET"]}}],"collection":[{"href":"https:\/\/radio94fm.net\/site\/wp-json\/wp\/v2\/posts"}],"about":[{"href":"https:\/\/radio94fm.net\/site\/wp-json\/wp\/v2\/types\/post"}],"author":[{"embeddable":true,"href":"https:\/\/radio94fm.net\/site\/wp-json\/wp\/v2\/users\/1"}],"replies":[{"embeddable":true,"href":"https:\/\/radio94fm.net\/site\/wp-json\/wp\/v2\/comments?post=37632"}],"version-history":[{"count":0,"href":"https:\/\/radio94fm.net\/site\/wp-json\/wp\/v2\/posts\/37632\/revisions"}],"wp:featuredmedia":[{"embeddable":true,"href":"https:\/\/radio94fm.net\/site\/wp-json\/wp\/v2\/media\/37636"}],"wp:attachment":[{"href":"https:\/\/radio94fm.net\/site\/wp-json\/wp\/v2\/media?parent=37632"}],"wp:term":[{"taxonomy":"category","embeddable":true,"href":"https:\/\/radio94fm.net\/site\/wp-json\/wp\/v2\/categories?post=37632"},{"taxonomy":"post_tag","embeddable":true,"href":"https:\/\/radio94fm.net\/site\/wp-json\/wp\/v2\/tags?post=37632"}],"curies":[{"name":"wp","href":"https:\/\/api.w.org\/{rel}","templated":true}]}}