{"id":37130,"date":"2022-05-12T18:35:55","date_gmt":"2022-05-12T21:35:55","guid":{"rendered":"http:\/\/www.radio94fm.net\/site\/?p=37130"},"modified":"2022-05-12T18:35:55","modified_gmt":"2022-05-12T21:35:55","slug":"servidores-de-minas-inativos-e-pensionistas-especiais-nascidos-em-maio-devem-providenciar-o-recadastramento-obrigatorio","status":"publish","type":"post","link":"https:\/\/radio94fm.net\/site\/servidores-de-minas-inativos-e-pensionistas-especiais-nascidos-em-maio-devem-providenciar-o-recadastramento-obrigatorio\/","title":{"rendered":"SERVIDORES DE MINAS INATIVOS E PENSIONISTAS ESPECIAIS NASCIDOS EM MAIO DEVEM PROVIDENCIAR O RECADASTRAMENTO OBRIGAT\u00d3RIO \u00a0"},"content":{"rendered":"<p><a href=\"http:\/\/www.radio94fm.net\/site\/wp-content\/uploads\/2020\/02\/FIQUE-POR-DENTRO-2-BANNER.gif\"><img loading=\"lazy\" decoding=\"async\" class=\"size-full wp-image-32065 aligncenter\" src=\"http:\/\/www.radio94fm.net\/site\/wp-content\/uploads\/2020\/02\/FIQUE-POR-DENTRO-2-BANNER.gif\" alt=\"\" width=\"604\" height=\"154\"><\/a><\/p>\n<p style=\"font-weight: 400;\">&nbsp;<\/p>\n<p style=\"font-weight: 400;\"><a href=\"http:\/\/www.radio94fm.net\/site\/wp-content\/uploads\/2022\/05\/IMG_4666.jpg\"><img loading=\"lazy\" decoding=\"async\" class=\"wp-image-37132 alignleft\" src=\"http:\/\/www.radio94fm.net\/site\/wp-content\/uploads\/2022\/05\/IMG_4666.jpg\" alt=\"\" width=\"362\" height=\"241\" srcset=\"https:\/\/radio94fm.net\/site\/wp-content\/uploads\/2022\/05\/IMG_4666.jpg 722w, https:\/\/radio94fm.net\/site\/wp-content\/uploads\/2022\/05\/IMG_4666-300x200.jpg 300w\" sizes=\"auto, (max-width: 362px) 100vw, 362px\" \/><\/a><\/p>\n<p style=\"font-weight: 400;\">Os servidores de Minas Gerais nascidos em maio \u2013 inativos, em afastamento preliminar \u00e0 aposentadoria e pensionistas especiais cujo pagamento do benef\u00edcio \u00e9 efetuado pela&nbsp;<a href=\"https:\/\/planejamento.mg.gov.br\/\" data-saferedirecturl=\"https:\/\/www.google.com\/url?q=https:\/\/planejamento.mg.gov.br\/&amp;source=gmail&amp;ust=1652477227685000&amp;usg=AOvVaw2PmosYjGd7d20UMOIoWv2r\">Secretaria de Estado de Planejamento e Gest\u00e3o (Seplag-MG)<\/a>&nbsp;\u2013 devem realizar o recadastramento anual obrigat\u00f3rio neste m\u00eas.<\/p>\n<p style=\"font-weight: 400;\">&nbsp;<\/p>\n<p>&nbsp;<\/p>\n<p style=\"font-weight: 400;\">O procedimento foi retomado em abril deste ano e \u00e9 realizado anualmente no m\u00eas de anivers\u00e1rio do benefici\u00e1rio. Desta forma, os aniversariantes de maio devem providenciar o recadastramento para evitar o bloqueio de pagamento.<\/p>\n<p style=\"font-weight: 400;\">&nbsp;<\/p>\n<p>&nbsp;<\/p>\n<p style=\"font-weight: 400;\">Os aniversariantes de abril que ainda n\u00e3o se recadastraram podem procurar uma das 32 Unidades de Atendimento Integrado (UAIs) ou a Unidade de Recursos Humanos do seu \u00f3rg\u00e3o de lota\u00e7\u00e3o para regularizar a situa\u00e7\u00e3o.<\/p>\n<p style=\"font-weight: 400;\">&nbsp;<\/p>\n<p>&nbsp;<\/p>\n<p style=\"font-weight: 400;\">Os demais benefici\u00e1rios devem aguardar o per\u00edodo oportuno de fazer o recadastramento de acordo com a data de anivers\u00e1rio<\/p>\n<p style=\"font-weight: 400;\">&nbsp;<\/p>\n<p style=\"font-weight: 400;\"><span style=\"font-size: 8pt;\">Ag\u00eancia Minas&nbsp;<\/span><\/p>\n<p>&nbsp;<\/p>\n<p><a href=\"http:\/\/www.radio94fm.net\/site\/wp-content\/uploads\/2020\/02\/FIQUE-POR-DENTRO-1.gif\"><img loading=\"lazy\" decoding=\"async\" class=\"size-full wp-image-32063 aligncenter\" src=\"http:\/\/www.radio94fm.net\/site\/wp-content\/uploads\/2020\/02\/FIQUE-POR-DENTRO-1.gif\" alt=\"\" width=\"604\" height=\"80\"><\/a><\/p>\n","protected":false},"excerpt":{"rendered":"<p>&nbsp; Os servidores de Minas Gerais nascidos em maio \u2013 inativos, em afastamento preliminar \u00e0 aposentadoria e pensionistas especiais cujo pagamento do benef\u00edcio \u00e9 efetuado pela&nbsp;Secretaria de Estado de Planejamento e Gest\u00e3o (Seplag-MG)&nbsp;\u2013 devem realizar o recadastramento anual obrigat\u00f3rio neste m\u00eas. &nbsp; &nbsp; O procedimento foi retomado em abril deste ano e \u00e9 realizado anualmente&#8230;<\/p>\n","protected":false},"author":1,"featured_media":37132,"comment_status":"open","ping_status":"closed","sticky":false,"template":"","format":"standard","meta":{"ngg_post_thumbnail":0,"footnotes":""},"categories":[54],"tags":[],"class_list":["post-37130","post","type-post","status-publish","format-standard","has-post-thumbnail","hentry","category-fique-por-dentro","have-post-thumb"],"_links":{"self":[{"href":"https:\/\/radio94fm.net\/site\/wp-json\/wp\/v2\/posts\/37130","targetHints":{"allow":["GET"]}}],"collection":[{"href":"https:\/\/radio94fm.net\/site\/wp-json\/wp\/v2\/posts"}],"about":[{"href":"https:\/\/radio94fm.net\/site\/wp-json\/wp\/v2\/types\/post"}],"author":[{"embeddable":true,"href":"https:\/\/radio94fm.net\/site\/wp-json\/wp\/v2\/users\/1"}],"replies":[{"embeddable":true,"href":"https:\/\/radio94fm.net\/site\/wp-json\/wp\/v2\/comments?post=37130"}],"version-history":[{"count":0,"href":"https:\/\/radio94fm.net\/site\/wp-json\/wp\/v2\/posts\/37130\/revisions"}],"wp:featuredmedia":[{"embeddable":true,"href":"https:\/\/radio94fm.net\/site\/wp-json\/wp\/v2\/media\/37132"}],"wp:attachment":[{"href":"https:\/\/radio94fm.net\/site\/wp-json\/wp\/v2\/media?parent=37130"}],"wp:term":[{"taxonomy":"category","embeddable":true,"href":"https:\/\/radio94fm.net\/site\/wp-json\/wp\/v2\/categories?post=37130"},{"taxonomy":"post_tag","embeddable":true,"href":"https:\/\/radio94fm.net\/site\/wp-json\/wp\/v2\/tags?post=37130"}],"curies":[{"name":"wp","href":"https:\/\/api.w.org\/{rel}","templated":true}]}}