{"id":34716,"date":"2021-09-08T07:57:49","date_gmt":"2021-09-08T10:57:49","guid":{"rendered":"http:\/\/www.radio94fm.net\/site\/?p=34716"},"modified":"2021-09-08T07:57:49","modified_gmt":"2021-09-08T10:57:49","slug":"justin-bieber-e-destaque-do-ano-no-vma-2021","status":"publish","type":"post","link":"https:\/\/radio94fm.net\/site\/justin-bieber-e-destaque-do-ano-no-vma-2021\/","title":{"rendered":"Justin Bieber \u00e9 destaque do ano no \u201cVMA 2021\u201d"},"content":{"rendered":"<p>Justin Bieber, 27 anos, canadense, cantor, compositor e um dos l\u00edderes mundiais das paradas de sucesso.<br \/>\n\u00c9 destaque do ano de 2021 \u201cVMA 2021\u201d (video Music Awards).<br \/>\nIdicado para 7 categorias, incluindo artista do ano. A cerim\u00f4nia de premia\u00e7\u00e3o do \u201cVMA 2021\u201d acontece no dia 12 de setembro, em Nova York, nos Estados Unidos.<\/p>\n","protected":false},"excerpt":{"rendered":"<p>Justin Bieber, 27 anos, canadense, cantor, compositor e um dos l\u00edderes mundiais das paradas de sucesso. \u00c9 destaque do ano de 2021 \u201cVMA 2021\u201d (video Music Awards). Idicado para 7 categorias, incluindo artista do ano. A cerim\u00f4nia de premia\u00e7\u00e3o do \u201cVMA 2021\u201d acontece no dia 12 de setembro, em Nova York, nos Estados Unidos.<\/p>\n","protected":false},"author":1,"featured_media":34717,"comment_status":"open","ping_status":"closed","sticky":false,"template":"","format":"standard","meta":{"ngg_post_thumbnail":0,"footnotes":""},"categories":[60],"tags":[],"class_list":["post-34716","post","type-post","status-publish","format-standard","has-post-thumbnail","hentry","category-na-musica","have-post-thumb"],"_links":{"self":[{"href":"https:\/\/radio94fm.net\/site\/wp-json\/wp\/v2\/posts\/34716","targetHints":{"allow":["GET"]}}],"collection":[{"href":"https:\/\/radio94fm.net\/site\/wp-json\/wp\/v2\/posts"}],"about":[{"href":"https:\/\/radio94fm.net\/site\/wp-json\/wp\/v2\/types\/post"}],"author":[{"embeddable":true,"href":"https:\/\/radio94fm.net\/site\/wp-json\/wp\/v2\/users\/1"}],"replies":[{"embeddable":true,"href":"https:\/\/radio94fm.net\/site\/wp-json\/wp\/v2\/comments?post=34716"}],"version-history":[{"count":0,"href":"https:\/\/radio94fm.net\/site\/wp-json\/wp\/v2\/posts\/34716\/revisions"}],"wp:featuredmedia":[{"embeddable":true,"href":"https:\/\/radio94fm.net\/site\/wp-json\/"}],"wp:attachment":[{"href":"https:\/\/radio94fm.net\/site\/wp-json\/wp\/v2\/media?parent=34716"}],"wp:term":[{"taxonomy":"category","embeddable":true,"href":"https:\/\/radio94fm.net\/site\/wp-json\/wp\/v2\/categories?post=34716"},{"taxonomy":"post_tag","embeddable":true,"href":"https:\/\/radio94fm.net\/site\/wp-json\/wp\/v2\/tags?post=34716"}],"curies":[{"name":"wp","href":"https:\/\/api.w.org\/{rel}","templated":true}]}}