{"id":34659,"date":"2021-08-30T13:25:53","date_gmt":"2021-08-30T16:25:53","guid":{"rendered":"http:\/\/www.radio94fm.net\/site\/?p=34659"},"modified":"2021-08-30T13:25:53","modified_gmt":"2021-08-30T16:25:53","slug":"joao-gomes-e-o-novo-nome-da-musica-no-brasil","status":"publish","type":"post","link":"https:\/\/radio94fm.net\/site\/joao-gomes-e-o-novo-nome-da-musica-no-brasil\/","title":{"rendered":"J\u00f5ao \u00a0Gomes \u00e9 o novo nome da m\u00fasica no Brasil.\u00a0"},"content":{"rendered":"<p class=\"x_MsoNormal\">Jovem de apenas 19 anos natural de Serrita, munic\u00edpio do sert\u00e3o pernambucano \u00e9 &nbsp;dono de uma voz inconfund\u00edvel.&nbsp;&nbsp;<\/p>\n<p class=\"x_MsoNormal\">O garoto &nbsp;come\u00e7ou sua carreira na m\u00fasica cantando em um coral da igreja, e , hoje, \u00e9 &nbsp;um fen\u00f4meno no Brasil, com m\u00fasicas em v\u00e1rias plataformas digitais que ocupam os primeiros lugares no ranking das m\u00fasicas mais acessadas.&nbsp;&nbsp;<\/p>\n<p class=\"x_MsoNormal\">Com a m\u00fasica Meu Peda\u00e7o de Pecado, Jo\u00e3o Gomes chega ao estrelato com mais de 21 milh\u00f5es de acessos no YouTube,&nbsp; al\u00e9m de mais de 60 milh\u00f5es de visualiza\u00e7\u00f5es.&nbsp;&nbsp;<\/p>\n<p>&nbsp;<\/p>\n","protected":false},"excerpt":{"rendered":"<p>Jovem de apenas 19 anos natural de Serrita, munic\u00edpio do sert\u00e3o pernambucano \u00e9 &nbsp;dono de uma voz inconfund\u00edvel.&nbsp;&nbsp; O garoto &nbsp;come\u00e7ou sua carreira na m\u00fasica cantando em um coral da igreja, e , hoje, \u00e9 &nbsp;um fen\u00f4meno no Brasil, com m\u00fasicas em v\u00e1rias plataformas digitais que ocupam os primeiros lugares no ranking das m\u00fasicas mais&#8230;<\/p>\n","protected":false},"author":1,"featured_media":34660,"comment_status":"open","ping_status":"closed","sticky":false,"template":"","format":"standard","meta":{"ngg_post_thumbnail":0,"footnotes":""},"categories":[60],"tags":[],"class_list":["post-34659","post","type-post","status-publish","format-standard","has-post-thumbnail","hentry","category-na-musica","have-post-thumb"],"_links":{"self":[{"href":"https:\/\/radio94fm.net\/site\/wp-json\/wp\/v2\/posts\/34659","targetHints":{"allow":["GET"]}}],"collection":[{"href":"https:\/\/radio94fm.net\/site\/wp-json\/wp\/v2\/posts"}],"about":[{"href":"https:\/\/radio94fm.net\/site\/wp-json\/wp\/v2\/types\/post"}],"author":[{"embeddable":true,"href":"https:\/\/radio94fm.net\/site\/wp-json\/wp\/v2\/users\/1"}],"replies":[{"embeddable":true,"href":"https:\/\/radio94fm.net\/site\/wp-json\/wp\/v2\/comments?post=34659"}],"version-history":[{"count":0,"href":"https:\/\/radio94fm.net\/site\/wp-json\/wp\/v2\/posts\/34659\/revisions"}],"wp:featuredmedia":[{"embeddable":true,"href":"https:\/\/radio94fm.net\/site\/wp-json\/"}],"wp:attachment":[{"href":"https:\/\/radio94fm.net\/site\/wp-json\/wp\/v2\/media?parent=34659"}],"wp:term":[{"taxonomy":"category","embeddable":true,"href":"https:\/\/radio94fm.net\/site\/wp-json\/wp\/v2\/categories?post=34659"},{"taxonomy":"post_tag","embeddable":true,"href":"https:\/\/radio94fm.net\/site\/wp-json\/wp\/v2\/tags?post=34659"}],"curies":[{"name":"wp","href":"https:\/\/api.w.org\/{rel}","templated":true}]}}