{"id":34648,"date":"2021-08-26T08:05:54","date_gmt":"2021-08-26T11:05:54","guid":{"rendered":"http:\/\/www.radio94fm.net\/site\/?p=34648"},"modified":"2021-08-26T08:05:54","modified_gmt":"2021-08-26T11:05:54","slug":"forum-sul-mineiro-de-educacao-infantil-sera-realizado-nesta-quinta","status":"publish","type":"post","link":"https:\/\/radio94fm.net\/site\/forum-sul-mineiro-de-educacao-infantil-sera-realizado-nesta-quinta\/","title":{"rendered":"F\u00f3rum Sul Mineiro de Educa\u00e7\u00e3o Infantil ser\u00e1 realizado nesta quinta"},"content":{"rendered":"<p><a href=\"https:\/\/www.radio94fm.net\/site\/wp-content\/uploads\/2020\/02\/FIQUE-POR-DENTRO-1.gif\"><img loading=\"lazy\" decoding=\"async\" class=\"size-full wp-image-32063 aligncenter\" src=\"https:\/\/www.radio94fm.net\/site\/wp-content\/uploads\/2020\/02\/FIQUE-POR-DENTRO-1.gif\" alt=\"\" width=\"604\" height=\"80\"><\/a><\/p>\n<p>&nbsp;<\/p>\n<p>&nbsp;<\/p>\n<p>&nbsp;<\/p>\n<p>&nbsp;<\/p>\n<p>&nbsp;<\/p>\n<p><a href=\"https:\/\/www.radio94fm.net\/site\/wp-content\/uploads\/2021\/08\/crianca-estudando.jpg\"><img loading=\"lazy\" decoding=\"async\" class=\" wp-image-34649 aligncenter\" src=\"https:\/\/www.radio94fm.net\/site\/wp-content\/uploads\/2021\/08\/crianca-estudando.jpg\" alt=\"\" width=\"460\" height=\"306\"><\/a><\/p>\n<p>&nbsp;<\/p>\n<p>&nbsp;<\/p>\n<p>&nbsp;<\/p>\n<p>&nbsp;<\/p>\n<p>&nbsp;<\/p>\n<p>&nbsp;<\/p>\n<p>A edi\u00e7\u00e3o 152\u00ba F\u00f3rum Sul Mineiro de Educa\u00e7\u00e3o Infantil ser\u00e1 realizado nesta quinta-feira, dia 26 de agosto, das 9h \u00e0s 11h, em formato virtual, com o tema \u201cEduca\u00e7\u00e3o Infantil, fam\u00edlias e pandemia: construindo la\u00e7os e desatando n\u00f3s\u201d.&nbsp;<\/p>\n<p>&nbsp;<\/p>\n<p>&nbsp;<\/p>\n<audio class=\"wp-audio-shortcode\" id=\"audio-34648-1\" preload=\"none\" style=\"width: 100%;\" controls=\"controls\"><source type=\"audio\/mpeg\" src=\"https:\/\/www.radio94fm.net\/site\/wp-content\/uploads\/2021\/08\/Forum-Sul-Mineiro-de-Educacao-sera-realizado-nesta-quinta.mp3?_=1\" \/><a href=\"https:\/\/www.radio94fm.net\/site\/wp-content\/uploads\/2021\/08\/Forum-Sul-Mineiro-de-Educacao-sera-realizado-nesta-quinta.mp3\">https:\/\/www.radio94fm.net\/site\/wp-content\/uploads\/2021\/08\/Forum-Sul-Mineiro-de-Educacao-sera-realizado-nesta-quinta.mp3<\/a><\/audio>\n<p>&nbsp;<\/p>\n<p>&nbsp;<\/p>\n<p>&nbsp;<\/p>\n<p>&nbsp;<\/p>\n<p>&nbsp;<\/p>\n<p>&nbsp;<\/p>\n<p>&nbsp;<\/p>\n<p><a href=\"https:\/\/www.radio94fm.net\/site\/wp-content\/uploads\/2020\/02\/FIQUE-POR-DENTRO-2-BANNER.gif\"><img loading=\"lazy\" decoding=\"async\" class=\"size-full wp-image-32065 aligncenter\" src=\"https:\/\/www.radio94fm.net\/site\/wp-content\/uploads\/2020\/02\/FIQUE-POR-DENTRO-2-BANNER.gif\" alt=\"\" width=\"604\" height=\"154\"><\/a><\/p>\n","protected":false},"excerpt":{"rendered":"<p>&nbsp; &nbsp; &nbsp; &nbsp; &nbsp; &nbsp; &nbsp; &nbsp; &nbsp; &nbsp; &nbsp; A edi\u00e7\u00e3o 152\u00ba F\u00f3rum Sul Mineiro de Educa\u00e7\u00e3o Infantil ser\u00e1 realizado nesta quinta-feira, dia 26 de agosto, das 9h \u00e0s 11h, em formato virtual, com o tema \u201cEduca\u00e7\u00e3o Infantil, fam\u00edlias e pandemia: construindo la\u00e7os e desatando n\u00f3s\u201d.&nbsp; &nbsp; &nbsp; &nbsp; &nbsp; &nbsp; &nbsp; &nbsp;&#8230;<\/p>\n","protected":false},"author":1,"featured_media":34649,"comment_status":"open","ping_status":"closed","sticky":false,"template":"","format":"standard","meta":{"ngg_post_thumbnail":0,"footnotes":""},"categories":[54],"tags":[],"class_list":["post-34648","post","type-post","status-publish","format-standard","has-post-thumbnail","hentry","category-fique-por-dentro","have-post-thumb"],"_links":{"self":[{"href":"https:\/\/radio94fm.net\/site\/wp-json\/wp\/v2\/posts\/34648","targetHints":{"allow":["GET"]}}],"collection":[{"href":"https:\/\/radio94fm.net\/site\/wp-json\/wp\/v2\/posts"}],"about":[{"href":"https:\/\/radio94fm.net\/site\/wp-json\/wp\/v2\/types\/post"}],"author":[{"embeddable":true,"href":"https:\/\/radio94fm.net\/site\/wp-json\/wp\/v2\/users\/1"}],"replies":[{"embeddable":true,"href":"https:\/\/radio94fm.net\/site\/wp-json\/wp\/v2\/comments?post=34648"}],"version-history":[{"count":0,"href":"https:\/\/radio94fm.net\/site\/wp-json\/wp\/v2\/posts\/34648\/revisions"}],"wp:attachment":[{"href":"https:\/\/radio94fm.net\/site\/wp-json\/wp\/v2\/media?parent=34648"}],"wp:term":[{"taxonomy":"category","embeddable":true,"href":"https:\/\/radio94fm.net\/site\/wp-json\/wp\/v2\/categories?post=34648"},{"taxonomy":"post_tag","embeddable":true,"href":"https:\/\/radio94fm.net\/site\/wp-json\/wp\/v2\/tags?post=34648"}],"curies":[{"name":"wp","href":"https:\/\/api.w.org\/{rel}","templated":true}]}}