{"id":34455,"date":"2021-07-16T08:22:40","date_gmt":"2021-07-16T11:22:40","guid":{"rendered":"http:\/\/www.radio94fm.net\/site\/?p=34455"},"modified":"2021-07-16T08:22:40","modified_gmt":"2021-07-16T11:22:40","slug":"onda-verde-vai-melhorar-fluidez-do-trafego-de-veiculos-em-lavras","status":"publish","type":"post","link":"https:\/\/radio94fm.net\/site\/onda-verde-vai-melhorar-fluidez-do-trafego-de-veiculos-em-lavras\/","title":{"rendered":"Onda Verde vai melhorar fluidez do tr\u00e1fego de ve\u00edculos em Lavras"},"content":{"rendered":"<p>&nbsp;<\/p>\n<p>&nbsp;<\/p>\n<p><a href=\"https:\/\/www.radio94fm.net\/site\/wp-content\/uploads\/2020\/02\/FIQUE-POR-DENTRO-1.gif\"><img loading=\"lazy\" decoding=\"async\" class=\"size-full wp-image-32063 aligncenter\" src=\"https:\/\/www.radio94fm.net\/site\/wp-content\/uploads\/2020\/02\/FIQUE-POR-DENTRO-1.gif\" alt=\"\" width=\"604\" height=\"80\"><\/a><\/p>\n<p>&nbsp;<\/p>\n<p>&nbsp;<\/p>\n<p>&nbsp;<\/p>\n<p>&nbsp;<\/p>\n<p>&nbsp;<\/p>\n<p><a href=\"https:\/\/www.radio94fm.net\/site\/wp-content\/uploads\/2021\/05\/traffic-light-514932_640.jpg\"><img loading=\"lazy\" decoding=\"async\" class=\" wp-image-34036 aligncenter\" src=\"https:\/\/www.radio94fm.net\/site\/wp-content\/uploads\/2021\/05\/traffic-light-514932_640.jpg\" alt=\"\" width=\"300\" height=\"451\"><\/a><\/p>\n<p>&nbsp;<\/p>\n<p>&nbsp;<\/p>\n<p>&nbsp;<\/p>\n<p>&nbsp;<\/p>\n<p>&nbsp;<\/p>\n<p>No in\u00edcio deste m\u00eas de julho, a Prefeitura de Lavras, por meio do Departamento Municipal de Tr\u00e2nsito, iniciou os testes para implanta\u00e7\u00e3o da \u201cOnda Verde\u201d na Rua Dr. Francisco Sales. Est\u00e3o sendo instalados sincronizadores semaf\u00f3ricos para dar maior fluidez ao tr\u00e1fego de ve\u00edculos, principalmente nos hor\u00e1rios pico.<\/p>\n<p>&nbsp;<\/p>\n<p>&nbsp;<\/p>\n<audio class=\"wp-audio-shortcode\" id=\"audio-34455-1\" preload=\"none\" style=\"width: 100%;\" controls=\"controls\"><source type=\"audio\/mpeg\" src=\"https:\/\/www.radio94fm.net\/site\/wp-content\/uploads\/2021\/07\/Onda-verde-vai-melhorar-fluidez-de-veiculos-em-Lavras-online-audio-converter.com_.mp3?_=1\" \/><a href=\"https:\/\/www.radio94fm.net\/site\/wp-content\/uploads\/2021\/07\/Onda-verde-vai-melhorar-fluidez-de-veiculos-em-Lavras-online-audio-converter.com_.mp3\">https:\/\/www.radio94fm.net\/site\/wp-content\/uploads\/2021\/07\/Onda-verde-vai-melhorar-fluidez-de-veiculos-em-Lavras-online-audio-converter.com_.mp3<\/a><\/audio>\n<p>&nbsp;<\/p>\n<p>&nbsp;<\/p>\n<p>&nbsp;<\/p>\n<p>&nbsp;<\/p>\n<p>&nbsp;<\/p>\n<p>&nbsp;<\/p>\n<p>&nbsp;<\/p>\n<p><a href=\"https:\/\/www.radio94fm.net\/site\/wp-content\/uploads\/2020\/02\/FIQUE-POR-DENTRO-2-BANNER.gif\"><img loading=\"lazy\" decoding=\"async\" class=\"size-full wp-image-32065 aligncenter\" src=\"https:\/\/www.radio94fm.net\/site\/wp-content\/uploads\/2020\/02\/FIQUE-POR-DENTRO-2-BANNER.gif\" alt=\"\" width=\"604\" height=\"154\"><\/a><\/p>\n","protected":false},"excerpt":{"rendered":"<p>&nbsp; &nbsp; &nbsp; &nbsp; &nbsp; &nbsp; &nbsp; &nbsp; &nbsp; &nbsp; &nbsp; &nbsp; No in\u00edcio deste m\u00eas de julho, a Prefeitura de Lavras, por meio do Departamento Municipal de Tr\u00e2nsito, iniciou os testes para implanta\u00e7\u00e3o da \u201cOnda Verde\u201d na Rua Dr. Francisco Sales. Est\u00e3o sendo instalados sincronizadores semaf\u00f3ricos para dar maior fluidez ao tr\u00e1fego de ve\u00edculos,&#8230;<\/p>\n","protected":false},"author":1,"featured_media":34036,"comment_status":"open","ping_status":"closed","sticky":false,"template":"","format":"standard","meta":{"ngg_post_thumbnail":0,"footnotes":""},"categories":[54],"tags":[],"class_list":["post-34455","post","type-post","status-publish","format-standard","has-post-thumbnail","hentry","category-fique-por-dentro","have-post-thumb"],"_links":{"self":[{"href":"https:\/\/radio94fm.net\/site\/wp-json\/wp\/v2\/posts\/34455","targetHints":{"allow":["GET"]}}],"collection":[{"href":"https:\/\/radio94fm.net\/site\/wp-json\/wp\/v2\/posts"}],"about":[{"href":"https:\/\/radio94fm.net\/site\/wp-json\/wp\/v2\/types\/post"}],"author":[{"embeddable":true,"href":"https:\/\/radio94fm.net\/site\/wp-json\/wp\/v2\/users\/1"}],"replies":[{"embeddable":true,"href":"https:\/\/radio94fm.net\/site\/wp-json\/wp\/v2\/comments?post=34455"}],"version-history":[{"count":0,"href":"https:\/\/radio94fm.net\/site\/wp-json\/wp\/v2\/posts\/34455\/revisions"}],"wp:attachment":[{"href":"https:\/\/radio94fm.net\/site\/wp-json\/wp\/v2\/media?parent=34455"}],"wp:term":[{"taxonomy":"category","embeddable":true,"href":"https:\/\/radio94fm.net\/site\/wp-json\/wp\/v2\/categories?post=34455"},{"taxonomy":"post_tag","embeddable":true,"href":"https:\/\/radio94fm.net\/site\/wp-json\/wp\/v2\/tags?post=34455"}],"curies":[{"name":"wp","href":"https:\/\/api.w.org\/{rel}","templated":true}]}}