{"id":34447,"date":"2021-07-14T19:20:29","date_gmt":"2021-07-14T22:20:29","guid":{"rendered":"http:\/\/www.radio94fm.net\/site\/?p=34447"},"modified":"2021-07-14T19:20:29","modified_gmt":"2021-07-14T22:20:29","slug":"coordenador-geral-do-labcovid-fala-sobre-a-ampliacao-no-atendimento-a-mais-nove-municipios-mineiros","status":"publish","type":"post","link":"https:\/\/radio94fm.net\/site\/coordenador-geral-do-labcovid-fala-sobre-a-ampliacao-no-atendimento-a-mais-nove-municipios-mineiros\/","title":{"rendered":"Coordenador-geral do LabCovid fala sobre a amplia\u00e7\u00e3o no atendimento a mais nove munic\u00edpios mineiros"},"content":{"rendered":"<p>&nbsp;<\/p>\n<p><a href=\"https:\/\/www.radio94fm.net\/site\/wp-content\/uploads\/2020\/02\/FIQUE-POR-DENTRO-1.gif\"><img loading=\"lazy\" decoding=\"async\" class=\"size-full wp-image-32063 aligncenter\" src=\"https:\/\/www.radio94fm.net\/site\/wp-content\/uploads\/2020\/02\/FIQUE-POR-DENTRO-1.gif\" alt=\"\" width=\"604\" height=\"80\"><\/a><\/p>\n<p>&nbsp;<\/p>\n<p>&nbsp;<\/p>\n<p>&nbsp;<\/p>\n<p>&nbsp;<\/p>\n<p>&nbsp;<\/p>\n<p><a href=\"https:\/\/www.radio94fm.net\/site\/wp-content\/uploads\/2021\/01\/covid-5027031_640.jpg\"><img loading=\"lazy\" decoding=\"async\" class=\" wp-image-32915 aligncenter\" src=\"https:\/\/www.radio94fm.net\/site\/wp-content\/uploads\/2021\/01\/covid-5027031_640.jpg\" alt=\"\" width=\"460\" height=\"307\"><\/a><\/p>\n<p>&nbsp;<\/p>\n<p>&nbsp;<\/p>\n<p>&nbsp;<\/p>\n<p>&nbsp;<\/p>\n<p>&nbsp;<\/p>\n<p>&nbsp;<\/p>\n<p>O laborat\u00f3rio de diagn\u00f3stico molecular da Covid-19 da Universidade Federal de Lavras (LabCovid UFLA) ampliou atendimento a mais nove munic\u00edpios. Nessas cidades, a realiza\u00e7\u00e3o de exames RT-PCR para diagn\u00f3stico da Covid-19 , seguir\u00e3o o fluxo de credenciamento entre LabCovid e Funda\u00e7\u00e3o Ezequiel Dias(Funed).<\/p>\n<p>&nbsp;<\/p>\n<p>&nbsp;<\/p>\n<audio class=\"wp-audio-shortcode\" id=\"audio-34447-1\" preload=\"none\" style=\"width: 100%;\" controls=\"controls\"><source type=\"audio\/mpeg\" src=\"https:\/\/www.radio94fm.net\/site\/wp-content\/uploads\/2021\/07\/LabCovid-amplia-atendimento-online-audio-converter.com_.mp3?_=1\" \/><a href=\"https:\/\/www.radio94fm.net\/site\/wp-content\/uploads\/2021\/07\/LabCovid-amplia-atendimento-online-audio-converter.com_.mp3\">https:\/\/www.radio94fm.net\/site\/wp-content\/uploads\/2021\/07\/LabCovid-amplia-atendimento-online-audio-converter.com_.mp3<\/a><\/audio>\n<p>&nbsp;<\/p>\n<p>&nbsp;<\/p>\n<p>&nbsp;<\/p>\n<p>&nbsp;<\/p>\n<p>&nbsp;<\/p>\n<p>&nbsp;<\/p>\n<p><a href=\"https:\/\/www.radio94fm.net\/site\/wp-content\/uploads\/2020\/02\/FIQUE-POR-DENTRO-2-BANNER.gif\"><img loading=\"lazy\" decoding=\"async\" class=\"size-full wp-image-32065 aligncenter\" src=\"https:\/\/www.radio94fm.net\/site\/wp-content\/uploads\/2020\/02\/FIQUE-POR-DENTRO-2-BANNER.gif\" alt=\"\" width=\"604\" height=\"154\"><\/a><\/p>\n","protected":false},"excerpt":{"rendered":"<p>&nbsp; &nbsp; &nbsp; &nbsp; &nbsp; &nbsp; &nbsp; &nbsp; &nbsp; &nbsp; &nbsp; &nbsp; O laborat\u00f3rio de diagn\u00f3stico molecular da Covid-19 da Universidade Federal de Lavras (LabCovid UFLA) ampliou atendimento a mais nove munic\u00edpios. Nessas cidades, a realiza\u00e7\u00e3o de exames RT-PCR para diagn\u00f3stico da Covid-19 , seguir\u00e3o o fluxo de credenciamento entre LabCovid e Funda\u00e7\u00e3o Ezequiel Dias(Funed)&#8230;.<\/p>\n","protected":false},"author":1,"featured_media":32915,"comment_status":"open","ping_status":"closed","sticky":false,"template":"","format":"standard","meta":{"ngg_post_thumbnail":0,"footnotes":""},"categories":[54],"tags":[],"class_list":["post-34447","post","type-post","status-publish","format-standard","has-post-thumbnail","hentry","category-fique-por-dentro","have-post-thumb"],"_links":{"self":[{"href":"https:\/\/radio94fm.net\/site\/wp-json\/wp\/v2\/posts\/34447","targetHints":{"allow":["GET"]}}],"collection":[{"href":"https:\/\/radio94fm.net\/site\/wp-json\/wp\/v2\/posts"}],"about":[{"href":"https:\/\/radio94fm.net\/site\/wp-json\/wp\/v2\/types\/post"}],"author":[{"embeddable":true,"href":"https:\/\/radio94fm.net\/site\/wp-json\/wp\/v2\/users\/1"}],"replies":[{"embeddable":true,"href":"https:\/\/radio94fm.net\/site\/wp-json\/wp\/v2\/comments?post=34447"}],"version-history":[{"count":0,"href":"https:\/\/radio94fm.net\/site\/wp-json\/wp\/v2\/posts\/34447\/revisions"}],"wp:attachment":[{"href":"https:\/\/radio94fm.net\/site\/wp-json\/wp\/v2\/media?parent=34447"}],"wp:term":[{"taxonomy":"category","embeddable":true,"href":"https:\/\/radio94fm.net\/site\/wp-json\/wp\/v2\/categories?post=34447"},{"taxonomy":"post_tag","embeddable":true,"href":"https:\/\/radio94fm.net\/site\/wp-json\/wp\/v2\/tags?post=34447"}],"curies":[{"name":"wp","href":"https:\/\/api.w.org\/{rel}","templated":true}]}}