{"id":34444,"date":"2021-07-14T19:13:17","date_gmt":"2021-07-14T22:13:17","guid":{"rendered":"http:\/\/www.radio94fm.net\/site\/?p=34444"},"modified":"2021-07-14T19:13:17","modified_gmt":"2021-07-14T22:13:17","slug":"amanha-tem-mutirao-de-combate-ao-aedes-aegypti-em-lavras-2","status":"publish","type":"post","link":"https:\/\/radio94fm.net\/site\/amanha-tem-mutirao-de-combate-ao-aedes-aegypti-em-lavras-2\/","title":{"rendered":"Amanh\u00e3 tem mutir\u00e3o de combate ao Aedes Aegypti em Lavras"},"content":{"rendered":"<p><a href=\"https:\/\/www.radio94fm.net\/site\/wp-content\/uploads\/2020\/02\/FIQUE-POR-DENTRO-1.gif\"><img loading=\"lazy\" decoding=\"async\" class=\"size-full wp-image-32063 aligncenter\" src=\"https:\/\/www.radio94fm.net\/site\/wp-content\/uploads\/2020\/02\/FIQUE-POR-DENTRO-1.gif\" alt=\"\" width=\"604\" height=\"80\"><\/a><\/p>\n<p>&nbsp;<\/p>\n<p>&nbsp;<\/p>\n<p>&nbsp;<\/p>\n<p>&nbsp;<\/p>\n<p>&nbsp;<\/p>\n<p><a href=\"https:\/\/www.radio94fm.net\/site\/wp-content\/uploads\/2021\/03\/mosquito-6024603_640.jpg\"><img loading=\"lazy\" decoding=\"async\" class=\" wp-image-33643 aligncenter\" src=\"https:\/\/www.radio94fm.net\/site\/wp-content\/uploads\/2021\/03\/mosquito-6024603_640.jpg\" alt=\"\" width=\"460\" height=\"461\"><\/a><\/p>\n<p>&nbsp;<\/p>\n<p>&nbsp;<\/p>\n<p>&nbsp;<\/p>\n<p>&nbsp;<\/p>\n<p>Ser\u00e1 realizado amanh\u00e3, quinta-feira, mais um mutir\u00e3o da prefeitura de Lavras para combate ao Aedes Aegypti, o mosquito transmissor de doen\u00e7as como a Dengue, Chikungunya e o Zika V\u00edrus. A a\u00e7\u00e3o acontecer\u00e1 nos bairros Cohab e Jardim Europa. E na sexta, tamb\u00e9m tem mutir\u00e3o, desta vez nos bairros Judith C\u00e2ndido e Vista do Lago.<\/p>\n<p>&nbsp;<\/p>\n<p>&nbsp;<\/p>\n<audio class=\"wp-audio-shortcode\" id=\"audio-34444-1\" preload=\"none\" style=\"width: 100%;\" controls=\"controls\"><source type=\"audio\/mpeg\" src=\"https:\/\/www.radio94fm.net\/site\/wp-content\/uploads\/2021\/07\/Mutirao-Aedes-Aegypti-online-audio-converter.com_.mp3?_=1\" \/><a href=\"https:\/\/www.radio94fm.net\/site\/wp-content\/uploads\/2021\/07\/Mutirao-Aedes-Aegypti-online-audio-converter.com_.mp3\">https:\/\/www.radio94fm.net\/site\/wp-content\/uploads\/2021\/07\/Mutirao-Aedes-Aegypti-online-audio-converter.com_.mp3<\/a><\/audio>\n<p>&nbsp;<\/p>\n<p>&nbsp;<\/p>\n<p>&nbsp;<\/p>\n<p>&nbsp;<\/p>\n<p>&nbsp;<\/p>\n<p>&nbsp;<\/p>\n<p><a href=\"https:\/\/www.radio94fm.net\/site\/wp-content\/uploads\/2020\/02\/FIQUE-POR-DENTRO-2-BANNER.gif\"><img loading=\"lazy\" decoding=\"async\" class=\"size-full wp-image-32065 aligncenter\" src=\"https:\/\/www.radio94fm.net\/site\/wp-content\/uploads\/2020\/02\/FIQUE-POR-DENTRO-2-BANNER.gif\" alt=\"\" width=\"604\" height=\"154\"><\/a><\/p>\n","protected":false},"excerpt":{"rendered":"<p>&nbsp; &nbsp; &nbsp; &nbsp; &nbsp; &nbsp; &nbsp; &nbsp; &nbsp; Ser\u00e1 realizado amanh\u00e3, quinta-feira, mais um mutir\u00e3o da prefeitura de Lavras para combate ao Aedes Aegypti, o mosquito transmissor de doen\u00e7as como a Dengue, Chikungunya e o Zika V\u00edrus. A a\u00e7\u00e3o acontecer\u00e1 nos bairros Cohab e Jardim Europa. E na sexta, tamb\u00e9m tem mutir\u00e3o, desta vez&#8230;<\/p>\n","protected":false},"author":1,"featured_media":33643,"comment_status":"open","ping_status":"closed","sticky":false,"template":"","format":"standard","meta":{"ngg_post_thumbnail":0,"footnotes":""},"categories":[54],"tags":[],"class_list":["post-34444","post","type-post","status-publish","format-standard","has-post-thumbnail","hentry","category-fique-por-dentro","have-post-thumb"],"_links":{"self":[{"href":"https:\/\/radio94fm.net\/site\/wp-json\/wp\/v2\/posts\/34444","targetHints":{"allow":["GET"]}}],"collection":[{"href":"https:\/\/radio94fm.net\/site\/wp-json\/wp\/v2\/posts"}],"about":[{"href":"https:\/\/radio94fm.net\/site\/wp-json\/wp\/v2\/types\/post"}],"author":[{"embeddable":true,"href":"https:\/\/radio94fm.net\/site\/wp-json\/wp\/v2\/users\/1"}],"replies":[{"embeddable":true,"href":"https:\/\/radio94fm.net\/site\/wp-json\/wp\/v2\/comments?post=34444"}],"version-history":[{"count":0,"href":"https:\/\/radio94fm.net\/site\/wp-json\/wp\/v2\/posts\/34444\/revisions"}],"wp:attachment":[{"href":"https:\/\/radio94fm.net\/site\/wp-json\/wp\/v2\/media?parent=34444"}],"wp:term":[{"taxonomy":"category","embeddable":true,"href":"https:\/\/radio94fm.net\/site\/wp-json\/wp\/v2\/categories?post=34444"},{"taxonomy":"post_tag","embeddable":true,"href":"https:\/\/radio94fm.net\/site\/wp-json\/wp\/v2\/tags?post=34444"}],"curies":[{"name":"wp","href":"https:\/\/api.w.org\/{rel}","templated":true}]}}