{"id":34430,"date":"2021-07-12T09:37:49","date_gmt":"2021-07-12T12:37:49","guid":{"rendered":"http:\/\/www.radio94fm.net\/site\/?p=34430"},"modified":"2021-07-12T09:37:49","modified_gmt":"2021-07-12T12:37:49","slug":"prefeitura-recebe-resultado-do-estudo-de-viabilidade-para-implementacao-do-projeto-cidade-inteligente-em-lavras","status":"publish","type":"post","link":"https:\/\/radio94fm.net\/site\/prefeitura-recebe-resultado-do-estudo-de-viabilidade-para-implementacao-do-projeto-cidade-inteligente-em-lavras\/","title":{"rendered":"Prefeitura recebe resultado do estudo de viabilidade para implementa\u00e7\u00e3o do Projeto Cidade Inteligente em Lavras"},"content":{"rendered":"<p><a href=\"https:\/\/www.radio94fm.net\/site\/wp-content\/uploads\/2020\/02\/FIQUE-POR-DENTRO-1.gif\"><img loading=\"lazy\" decoding=\"async\" class=\"size-full wp-image-32063 aligncenter\" src=\"https:\/\/www.radio94fm.net\/site\/wp-content\/uploads\/2020\/02\/FIQUE-POR-DENTRO-1.gif\" alt=\"\" width=\"604\" height=\"80\"><\/a><\/p>\n<p>&nbsp;<\/p>\n<p>&nbsp;<\/p>\n<p>&nbsp;<\/p>\n<p>&nbsp;<\/p>\n<p>&nbsp;<\/p>\n<p>&nbsp;<\/p>\n<p>&nbsp;<\/p>\n<p><a href=\"https:\/\/www.radio94fm.net\/site\/wp-content\/uploads\/2020\/12\/lavras-mg.jpg\"><img loading=\"lazy\" decoding=\"async\" class=\"wp-image-32663 aligncenter\" src=\"https:\/\/www.radio94fm.net\/site\/wp-content\/uploads\/2020\/12\/lavras-mg.jpg\" alt=\"\" width=\"461\" height=\"274\"><\/a><\/p>\n<p>&nbsp;<\/p>\n<p>&nbsp;<\/p>\n<p>&nbsp;<\/p>\n<p>&nbsp;<\/p>\n<p>&nbsp;<\/p>\n<p>Na \u00faltima semana de junho, a chefe do executivo de Lavras, prefeita Jussara Menicucci, acompanhada de sua equipe, recebeu do Instituto de Planejamento e Gest\u00e3o de Cidades o resultado do estudo de viabilidade t\u00e9cnica, econ\u00f4mica, jur\u00eddica e ambiental, para a implanta\u00e7\u00e3o do projeto Cidade Inteligente.<\/p>\n<p>&nbsp;<\/p>\n<p>&nbsp;<\/p>\n<audio class=\"wp-audio-shortcode\" id=\"audio-34430-1\" preload=\"none\" style=\"width: 100%;\" controls=\"controls\"><source type=\"audio\/mpeg\" src=\"https:\/\/www.radio94fm.net\/site\/wp-content\/uploads\/2021\/07\/Prefeitura-recebe-o-resultado-do-estudo-de-viabilidade.-online-audio-converter.com_.mp3?_=1\" \/><a href=\"https:\/\/www.radio94fm.net\/site\/wp-content\/uploads\/2021\/07\/Prefeitura-recebe-o-resultado-do-estudo-de-viabilidade.-online-audio-converter.com_.mp3\">https:\/\/www.radio94fm.net\/site\/wp-content\/uploads\/2021\/07\/Prefeitura-recebe-o-resultado-do-estudo-de-viabilidade.-online-audio-converter.com_.mp3<\/a><\/audio>\n<p>&nbsp;<\/p>\n<p>&nbsp;<\/p>\n<p>&nbsp;<\/p>\n<p>&nbsp;<\/p>\n<p>&nbsp;<\/p>\n<p>&nbsp;<\/p>\n<p>&nbsp;<\/p>\n<p>&nbsp;<\/p>\n<p><a href=\"https:\/\/www.radio94fm.net\/site\/wp-content\/uploads\/2020\/02\/FIQUE-POR-DENTRO-2-BANNER.gif\"><img loading=\"lazy\" decoding=\"async\" class=\"size-full wp-image-32065 aligncenter\" src=\"https:\/\/www.radio94fm.net\/site\/wp-content\/uploads\/2020\/02\/FIQUE-POR-DENTRO-2-BANNER.gif\" alt=\"\" width=\"604\" height=\"154\"><\/a><\/p>\n","protected":false},"excerpt":{"rendered":"<p>&nbsp; &nbsp; &nbsp; &nbsp; &nbsp; &nbsp; &nbsp; &nbsp; &nbsp; &nbsp; &nbsp; &nbsp; Na \u00faltima semana de junho, a chefe do executivo de Lavras, prefeita Jussara Menicucci, acompanhada de sua equipe, recebeu do Instituto de Planejamento e Gest\u00e3o de Cidades o resultado do estudo de viabilidade t\u00e9cnica, econ\u00f4mica, jur\u00eddica e ambiental, para a implanta\u00e7\u00e3o do projeto&#8230;<\/p>\n","protected":false},"author":1,"featured_media":32663,"comment_status":"open","ping_status":"closed","sticky":false,"template":"","format":"standard","meta":{"ngg_post_thumbnail":0,"footnotes":""},"categories":[54],"tags":[],"class_list":["post-34430","post","type-post","status-publish","format-standard","has-post-thumbnail","hentry","category-fique-por-dentro","have-post-thumb"],"_links":{"self":[{"href":"https:\/\/radio94fm.net\/site\/wp-json\/wp\/v2\/posts\/34430","targetHints":{"allow":["GET"]}}],"collection":[{"href":"https:\/\/radio94fm.net\/site\/wp-json\/wp\/v2\/posts"}],"about":[{"href":"https:\/\/radio94fm.net\/site\/wp-json\/wp\/v2\/types\/post"}],"author":[{"embeddable":true,"href":"https:\/\/radio94fm.net\/site\/wp-json\/wp\/v2\/users\/1"}],"replies":[{"embeddable":true,"href":"https:\/\/radio94fm.net\/site\/wp-json\/wp\/v2\/comments?post=34430"}],"version-history":[{"count":0,"href":"https:\/\/radio94fm.net\/site\/wp-json\/wp\/v2\/posts\/34430\/revisions"}],"wp:attachment":[{"href":"https:\/\/radio94fm.net\/site\/wp-json\/wp\/v2\/media?parent=34430"}],"wp:term":[{"taxonomy":"category","embeddable":true,"href":"https:\/\/radio94fm.net\/site\/wp-json\/wp\/v2\/categories?post=34430"},{"taxonomy":"post_tag","embeddable":true,"href":"https:\/\/radio94fm.net\/site\/wp-json\/wp\/v2\/tags?post=34430"}],"curies":[{"name":"wp","href":"https:\/\/api.w.org\/{rel}","templated":true}]}}