{"id":34291,"date":"2021-06-22T07:48:48","date_gmt":"2021-06-22T10:48:48","guid":{"rendered":"http:\/\/www.radio94fm.net\/site\/?p=34291"},"modified":"2021-06-22T07:48:48","modified_gmt":"2021-06-22T10:48:48","slug":"pequenos-negocios-de-minas-gerais-demonstram-mais-otimismo","status":"publish","type":"post","link":"https:\/\/radio94fm.net\/site\/pequenos-negocios-de-minas-gerais-demonstram-mais-otimismo\/","title":{"rendered":"Pequenos neg\u00f3cios de Minas Gerais demonstram mais otimismo"},"content":{"rendered":"<p><a href=\"https:\/\/www.radio94fm.net\/site\/wp-content\/uploads\/2020\/02\/FIQUE-POR-DENTRO-1.gif\"><img loading=\"lazy\" decoding=\"async\" class=\"size-full wp-image-32063 aligncenter\" src=\"https:\/\/www.radio94fm.net\/site\/wp-content\/uploads\/2020\/02\/FIQUE-POR-DENTRO-1.gif\" alt=\"\" width=\"604\" height=\"80\"><\/a><\/p>\n<p>&nbsp;<\/p>\n<p>&nbsp;<\/p>\n<p>&nbsp;<\/p>\n<p>&nbsp;<\/p>\n<p>&nbsp;<\/p>\n<p><a href=\"https:\/\/www.radio94fm.net\/site\/wp-content\/uploads\/2021\/06\/woman-5467838_640.jpg\"><img loading=\"lazy\" decoding=\"async\" class=\" wp-image-34292 aligncenter\" src=\"https:\/\/www.radio94fm.net\/site\/wp-content\/uploads\/2021\/06\/woman-5467838_640.jpg\" alt=\"\" width=\"529\" height=\"353\"><\/a><\/p>\n<p>&nbsp;<\/p>\n<p>&nbsp;<\/p>\n<p>&nbsp;<\/p>\n<p>&nbsp;<\/p>\n<p>&nbsp;<\/p>\n<p>Maio trouxe mais \u00e2nimo aos empres\u00e1rios de pequenos neg\u00f3cios de Minas Gerais. O \u00edndice de confian\u00e7a do setor, ISCON, apresentou um aumento de 18 pontos em rela\u00e7\u00e3o a abril, variando de 89 para 107. Um ISCON maior que 100 indica tend\u00eancia de expans\u00e3o da atividade, igual a 100, mostra estabilidade e, menor que 100, tend\u00eancia de retra\u00e7\u00e3o.<\/p>\n<p>&nbsp;<\/p>\n<audio class=\"wp-audio-shortcode\" id=\"audio-34291-1\" preload=\"none\" style=\"width: 100%;\" controls=\"controls\"><source type=\"audio\/mpeg\" src=\"https:\/\/www.radio94fm.net\/site\/wp-content\/uploads\/2021\/06\/SEBRAE-ISCON.mp3?_=1\" \/><a href=\"https:\/\/www.radio94fm.net\/site\/wp-content\/uploads\/2021\/06\/SEBRAE-ISCON.mp3\">https:\/\/www.radio94fm.net\/site\/wp-content\/uploads\/2021\/06\/SEBRAE-ISCON.mp3<\/a><\/audio>\n<p>&nbsp;<\/p>\n<p>&nbsp;<\/p>\n<p>&nbsp;<\/p>\n<p>&nbsp;<\/p>\n<p>&nbsp;<\/p>\n<p>&nbsp;<\/p>\n<p><a href=\"https:\/\/www.radio94fm.net\/site\/wp-content\/uploads\/2020\/02\/FIQUE-POR-DENTRO-2-BANNER.gif\"><img loading=\"lazy\" decoding=\"async\" class=\"size-full wp-image-32065 aligncenter\" src=\"https:\/\/www.radio94fm.net\/site\/wp-content\/uploads\/2020\/02\/FIQUE-POR-DENTRO-2-BANNER.gif\" alt=\"\" width=\"604\" height=\"154\"><\/a><\/p>\n","protected":false},"excerpt":{"rendered":"<p>&nbsp; &nbsp; &nbsp; &nbsp; &nbsp; &nbsp; &nbsp; &nbsp; &nbsp; &nbsp; Maio trouxe mais \u00e2nimo aos empres\u00e1rios de pequenos neg\u00f3cios de Minas Gerais. O \u00edndice de confian\u00e7a do setor, ISCON, apresentou um aumento de 18 pontos em rela\u00e7\u00e3o a abril, variando de 89 para 107. Um ISCON maior que 100 indica tend\u00eancia de expans\u00e3o da atividade,&#8230;<\/p>\n","protected":false},"author":1,"featured_media":34292,"comment_status":"open","ping_status":"closed","sticky":false,"template":"","format":"standard","meta":{"ngg_post_thumbnail":0,"footnotes":""},"categories":[54],"tags":[],"class_list":["post-34291","post","type-post","status-publish","format-standard","has-post-thumbnail","hentry","category-fique-por-dentro","have-post-thumb"],"_links":{"self":[{"href":"https:\/\/radio94fm.net\/site\/wp-json\/wp\/v2\/posts\/34291","targetHints":{"allow":["GET"]}}],"collection":[{"href":"https:\/\/radio94fm.net\/site\/wp-json\/wp\/v2\/posts"}],"about":[{"href":"https:\/\/radio94fm.net\/site\/wp-json\/wp\/v2\/types\/post"}],"author":[{"embeddable":true,"href":"https:\/\/radio94fm.net\/site\/wp-json\/wp\/v2\/users\/1"}],"replies":[{"embeddable":true,"href":"https:\/\/radio94fm.net\/site\/wp-json\/wp\/v2\/comments?post=34291"}],"version-history":[{"count":0,"href":"https:\/\/radio94fm.net\/site\/wp-json\/wp\/v2\/posts\/34291\/revisions"}],"wp:attachment":[{"href":"https:\/\/radio94fm.net\/site\/wp-json\/wp\/v2\/media?parent=34291"}],"wp:term":[{"taxonomy":"category","embeddable":true,"href":"https:\/\/radio94fm.net\/site\/wp-json\/wp\/v2\/categories?post=34291"},{"taxonomy":"post_tag","embeddable":true,"href":"https:\/\/radio94fm.net\/site\/wp-json\/wp\/v2\/tags?post=34291"}],"curies":[{"name":"wp","href":"https:\/\/api.w.org\/{rel}","templated":true}]}}