{"id":34280,"date":"2021-06-20T17:58:10","date_gmt":"2021-06-20T20:58:10","guid":{"rendered":"http:\/\/www.radio94fm.net\/site\/?p=34280"},"modified":"2021-06-20T17:58:10","modified_gmt":"2021-06-20T20:58:10","slug":"operacao-alferes-marcou-as-comemoracoes-de-aniversario-da-policia-militar-de-minas-gerais","status":"publish","type":"post","link":"https:\/\/radio94fm.net\/site\/operacao-alferes-marcou-as-comemoracoes-de-aniversario-da-policia-militar-de-minas-gerais\/","title":{"rendered":"Opera\u00e7\u00e3o Alferes marcou as comemora\u00e7\u00f5es de anivers\u00e1rio da Pol\u00edcia Militar de Minas Gerais"},"content":{"rendered":"<p><a href=\"https:\/\/www.radio94fm.net\/site\/wp-content\/uploads\/2020\/02\/FIQUE-POR-DENTRO-1.gif\"><img loading=\"lazy\" decoding=\"async\" class=\"size-full wp-image-32063 aligncenter\" src=\"https:\/\/www.radio94fm.net\/site\/wp-content\/uploads\/2020\/02\/FIQUE-POR-DENTRO-1.gif\" alt=\"\" width=\"604\" height=\"80\"><\/a><\/p>\n<p>&nbsp;<\/p>\n<p>&nbsp;<\/p>\n<p>&nbsp;<\/p>\n<p>&nbsp;<\/p>\n<p><a href=\"https:\/\/www.radio94fm.net\/site\/wp-content\/uploads\/2017\/05\/Banner_PMMG.png\"><img loading=\"lazy\" decoding=\"async\" class=\"size-full wp-image-24982 aligncenter\" src=\"https:\/\/www.radio94fm.net\/site\/wp-content\/uploads\/2017\/05\/Banner_PMMG.png\" alt=\"\" width=\"485\" height=\"251\"><\/a><\/p>\n<p>&nbsp;<\/p>\n<p>&nbsp;<\/p>\n<p>&nbsp;<\/p>\n<p>&nbsp;<\/p>\n<p>&nbsp;<\/p>\n<p>A Opera\u00e7\u00e3o Alferes, foi uma a\u00e7\u00e3o coordenada da Pol\u00edcia Militar de Minas Gerais que completou 246 anos, como parte das comemora\u00e7\u00f5es na \u00e1rea do oitavo batalh\u00e3o foram realizadas a\u00e7\u00f5es e opera\u00e7\u00f5es preventivas e ostensivas que culminaram no esfor\u00e7o de mais de 400 policiais militares.<\/p>\n<p>&nbsp;<\/p>\n<p>&nbsp;<\/p>\n<audio class=\"wp-audio-shortcode\" id=\"audio-34280-1\" preload=\"none\" style=\"width: 100%;\" controls=\"controls\"><source type=\"audio\/mpeg\" src=\"https:\/\/www.radio94fm.net\/site\/wp-content\/uploads\/2021\/06\/OPERACAO-ALFERES.mp3?_=1\" \/><a href=\"https:\/\/www.radio94fm.net\/site\/wp-content\/uploads\/2021\/06\/OPERACAO-ALFERES.mp3\">https:\/\/www.radio94fm.net\/site\/wp-content\/uploads\/2021\/06\/OPERACAO-ALFERES.mp3<\/a><\/audio>\n<p>&nbsp;<\/p>\n<p>&nbsp;<\/p>\n<p>&nbsp;<\/p>\n<p>&nbsp;<\/p>\n<p>&nbsp;<\/p>\n<p>&nbsp;<\/p>\n<p>&nbsp;<\/p>\n<p><a href=\"https:\/\/www.radio94fm.net\/site\/wp-content\/uploads\/2020\/02\/FIQUE-POR-DENTRO-2-BANNER.gif\"><img loading=\"lazy\" decoding=\"async\" class=\"size-full wp-image-32065 aligncenter\" src=\"https:\/\/www.radio94fm.net\/site\/wp-content\/uploads\/2020\/02\/FIQUE-POR-DENTRO-2-BANNER.gif\" alt=\"\" width=\"604\" height=\"154\"><\/a><\/p>\n","protected":false},"excerpt":{"rendered":"<p>&nbsp; &nbsp; &nbsp; &nbsp; &nbsp; &nbsp; &nbsp; &nbsp; &nbsp; A Opera\u00e7\u00e3o Alferes, foi uma a\u00e7\u00e3o coordenada da Pol\u00edcia Militar de Minas Gerais que completou 246 anos, como parte das comemora\u00e7\u00f5es na \u00e1rea do oitavo batalh\u00e3o foram realizadas a\u00e7\u00f5es e opera\u00e7\u00f5es preventivas e ostensivas que culminaram no esfor\u00e7o de mais de 400 policiais militares. &nbsp; &nbsp;&#8230;<\/p>\n","protected":false},"author":1,"featured_media":0,"comment_status":"open","ping_status":"closed","sticky":false,"template":"","format":"standard","meta":{"ngg_post_thumbnail":0,"footnotes":""},"categories":[54],"tags":[],"class_list":["post-34280","post","type-post","status-publish","format-standard","hentry","category-fique-por-dentro"],"_links":{"self":[{"href":"https:\/\/radio94fm.net\/site\/wp-json\/wp\/v2\/posts\/34280","targetHints":{"allow":["GET"]}}],"collection":[{"href":"https:\/\/radio94fm.net\/site\/wp-json\/wp\/v2\/posts"}],"about":[{"href":"https:\/\/radio94fm.net\/site\/wp-json\/wp\/v2\/types\/post"}],"author":[{"embeddable":true,"href":"https:\/\/radio94fm.net\/site\/wp-json\/wp\/v2\/users\/1"}],"replies":[{"embeddable":true,"href":"https:\/\/radio94fm.net\/site\/wp-json\/wp\/v2\/comments?post=34280"}],"version-history":[{"count":0,"href":"https:\/\/radio94fm.net\/site\/wp-json\/wp\/v2\/posts\/34280\/revisions"}],"wp:attachment":[{"href":"https:\/\/radio94fm.net\/site\/wp-json\/wp\/v2\/media?parent=34280"}],"wp:term":[{"taxonomy":"category","embeddable":true,"href":"https:\/\/radio94fm.net\/site\/wp-json\/wp\/v2\/categories?post=34280"},{"taxonomy":"post_tag","embeddable":true,"href":"https:\/\/radio94fm.net\/site\/wp-json\/wp\/v2\/tags?post=34280"}],"curies":[{"name":"wp","href":"https:\/\/api.w.org\/{rel}","templated":true}]}}