{"id":34261,"date":"2021-06-13T18:12:11","date_gmt":"2021-06-13T21:12:11","guid":{"rendered":"http:\/\/www.radio94fm.net\/site\/?p=34261"},"modified":"2021-06-13T18:12:11","modified_gmt":"2021-06-13T21:12:11","slug":"ordem-demolay-vai-arrecadar-agasalhos-e-cobertores-em-lavras","status":"publish","type":"post","link":"https:\/\/radio94fm.net\/site\/ordem-demolay-vai-arrecadar-agasalhos-e-cobertores-em-lavras\/","title":{"rendered":"Ordem Demolay vai arrecadar agasalhos e cobertores em Lavras"},"content":{"rendered":"<p><a href=\"https:\/\/www.radio94fm.net\/site\/wp-content\/uploads\/2020\/02\/FIQUE-POR-DENTRO-1.gif\"><img loading=\"lazy\" decoding=\"async\" class=\"size-full wp-image-32063 aligncenter\" src=\"https:\/\/www.radio94fm.net\/site\/wp-content\/uploads\/2020\/02\/FIQUE-POR-DENTRO-1.gif\" alt=\"\" width=\"604\" height=\"80\"><\/a><\/p>\n<p>&nbsp;<\/p>\n<p>&nbsp;<\/p>\n<p><a href=\"https:\/\/www.radio94fm.net\/site\/wp-content\/uploads\/2019\/05\/Campanha_do_Agasalho_e_realizada_em_Pesqueira.jpg\"><img loading=\"lazy\" decoding=\"async\" class=\"size-full wp-image-30570 aligncenter\" src=\"https:\/\/www.radio94fm.net\/site\/wp-content\/uploads\/2019\/05\/Campanha_do_Agasalho_e_realizada_em_Pesqueira.jpg\" alt=\"\" width=\"620\" height=\"372\"><\/a><\/p>\n<p>&nbsp;<\/p>\n<p>&nbsp;<\/p>\n<p>&nbsp;<\/p>\n<p>No dia 26 deste m\u00eas, a Ordem Demolay de Lavras estar\u00e1 promovendo sua campanha do agasalho, quando estar\u00e3o arrecadando agasalhos, cobertores e outras pe\u00e7as de vestu\u00e1rio em bom estado de conserva\u00e7\u00e3o.<\/p>\n<p>&nbsp;<\/p>\n<p>&nbsp;<\/p>\n<audio class=\"wp-audio-shortcode\" id=\"audio-34261-1\" preload=\"none\" style=\"width: 100%;\" controls=\"controls\"><source type=\"audio\/mpeg\" src=\"https:\/\/www.radio94fm.net\/site\/wp-content\/uploads\/2021\/06\/ORDEM-DEMOLAY-CAMP-AGASALHOS.mp3?_=1\" \/><a href=\"https:\/\/www.radio94fm.net\/site\/wp-content\/uploads\/2021\/06\/ORDEM-DEMOLAY-CAMP-AGASALHOS.mp3\">https:\/\/www.radio94fm.net\/site\/wp-content\/uploads\/2021\/06\/ORDEM-DEMOLAY-CAMP-AGASALHOS.mp3<\/a><\/audio>\n<p>&nbsp;<\/p>\n<p>&nbsp;<\/p>\n<p>&nbsp;<\/p>\n<p>&nbsp;<\/p>\n<p>&nbsp;<\/p>\n<p>&nbsp;<\/p>\n<p>&nbsp;<\/p>\n<p><a href=\"https:\/\/www.radio94fm.net\/site\/wp-content\/uploads\/2020\/02\/FIQUE-POR-DENTRO-2-BANNER.gif\"><img loading=\"lazy\" decoding=\"async\" class=\"size-full wp-image-32065 aligncenter\" src=\"https:\/\/www.radio94fm.net\/site\/wp-content\/uploads\/2020\/02\/FIQUE-POR-DENTRO-2-BANNER.gif\" alt=\"\" width=\"604\" height=\"154\"><\/a><\/p>\n","protected":false},"excerpt":{"rendered":"<p>&nbsp; &nbsp; &nbsp; &nbsp; &nbsp; No dia 26 deste m\u00eas, a Ordem Demolay de Lavras estar\u00e1 promovendo sua campanha do agasalho, quando estar\u00e3o arrecadando agasalhos, cobertores e outras pe\u00e7as de vestu\u00e1rio em bom estado de conserva\u00e7\u00e3o. &nbsp; &nbsp; &nbsp; &nbsp; &nbsp; &nbsp; &nbsp; &nbsp; &nbsp;<\/p>\n","protected":false},"author":1,"featured_media":30570,"comment_status":"open","ping_status":"closed","sticky":false,"template":"","format":"standard","meta":{"ngg_post_thumbnail":0,"footnotes":""},"categories":[54],"tags":[],"class_list":["post-34261","post","type-post","status-publish","format-standard","has-post-thumbnail","hentry","category-fique-por-dentro","have-post-thumb"],"_links":{"self":[{"href":"https:\/\/radio94fm.net\/site\/wp-json\/wp\/v2\/posts\/34261","targetHints":{"allow":["GET"]}}],"collection":[{"href":"https:\/\/radio94fm.net\/site\/wp-json\/wp\/v2\/posts"}],"about":[{"href":"https:\/\/radio94fm.net\/site\/wp-json\/wp\/v2\/types\/post"}],"author":[{"embeddable":true,"href":"https:\/\/radio94fm.net\/site\/wp-json\/wp\/v2\/users\/1"}],"replies":[{"embeddable":true,"href":"https:\/\/radio94fm.net\/site\/wp-json\/wp\/v2\/comments?post=34261"}],"version-history":[{"count":0,"href":"https:\/\/radio94fm.net\/site\/wp-json\/wp\/v2\/posts\/34261\/revisions"}],"wp:attachment":[{"href":"https:\/\/radio94fm.net\/site\/wp-json\/wp\/v2\/media?parent=34261"}],"wp:term":[{"taxonomy":"category","embeddable":true,"href":"https:\/\/radio94fm.net\/site\/wp-json\/wp\/v2\/categories?post=34261"},{"taxonomy":"post_tag","embeddable":true,"href":"https:\/\/radio94fm.net\/site\/wp-json\/wp\/v2\/tags?post=34261"}],"curies":[{"name":"wp","href":"https:\/\/api.w.org\/{rel}","templated":true}]}}