{"id":34251,"date":"2021-06-13T17:49:27","date_gmt":"2021-06-13T20:49:27","guid":{"rendered":"http:\/\/www.radio94fm.net\/site\/?p=34251"},"modified":"2021-06-13T17:49:27","modified_gmt":"2021-06-13T20:49:27","slug":"senac-vai-realizar-evento-sobre-mercado-de-trabalho-em-lavras","status":"publish","type":"post","link":"https:\/\/radio94fm.net\/site\/senac-vai-realizar-evento-sobre-mercado-de-trabalho-em-lavras\/","title":{"rendered":"Senac vai realizar evento sobre mercado de trabalho em Lavras"},"content":{"rendered":"<p><a href=\"https:\/\/www.radio94fm.net\/site\/wp-content\/uploads\/2020\/02\/FIQUE-POR-DENTRO-1.gif\"><img loading=\"lazy\" decoding=\"async\" class=\"size-full wp-image-32063 aligncenter\" src=\"https:\/\/www.radio94fm.net\/site\/wp-content\/uploads\/2020\/02\/FIQUE-POR-DENTRO-1.gif\" alt=\"\" width=\"604\" height=\"80\"><\/a><\/p>\n<p>&nbsp;<\/p>\n<p><a href=\"https:\/\/www.radio94fm.net\/site\/wp-content\/uploads\/2017\/11\/senac-mini.jpg\"><img loading=\"lazy\" decoding=\"async\" class=\"size-full wp-image-25993 aligncenter\" src=\"https:\/\/www.radio94fm.net\/site\/wp-content\/uploads\/2017\/11\/senac-mini.jpg\" alt=\"\" width=\"500\" height=\"500\"><\/a><\/p>\n<p>&nbsp;<\/p>\n<p>No pr\u00f3ximo dia 15 de junho, durante todo o dia, o Senac vai realizar o &#8220;Agitando o Senac&#8221;, um dos eventos mais importantes promovidos pela institui\u00e7\u00e3o de ensino e suspenso em 2020 em fun\u00e7\u00e3o da pandemia. Agora o evento est\u00e1 de volta em vers\u00e3o on-line e gratuita.<\/p>\n<p>&nbsp;<\/p>\n<p>&nbsp;<\/p>\n<audio class=\"wp-audio-shortcode\" id=\"audio-34251-1\" preload=\"none\" style=\"width: 100%;\" controls=\"controls\"><source type=\"audio\/mpeg\" src=\"https:\/\/www.radio94fm.net\/site\/wp-content\/uploads\/2021\/06\/AGITANDO-O-SENAC.mp3?_=1\" \/><a href=\"https:\/\/www.radio94fm.net\/site\/wp-content\/uploads\/2021\/06\/AGITANDO-O-SENAC.mp3\">https:\/\/www.radio94fm.net\/site\/wp-content\/uploads\/2021\/06\/AGITANDO-O-SENAC.mp3<\/a><\/audio>\n<p>&nbsp;<\/p>\n<p>&nbsp;<\/p>\n<p>&nbsp;<\/p>\n<p>&nbsp;<\/p>\n<p>&nbsp;<\/p>\n<p>&nbsp;<\/p>\n<p>&nbsp;<\/p>\n<p><a href=\"https:\/\/www.radio94fm.net\/site\/wp-content\/uploads\/2020\/02\/FIQUE-POR-DENTRO-2-BANNER.gif\"><img loading=\"lazy\" decoding=\"async\" class=\"size-full wp-image-32065 aligncenter\" src=\"https:\/\/www.radio94fm.net\/site\/wp-content\/uploads\/2020\/02\/FIQUE-POR-DENTRO-2-BANNER.gif\" alt=\"\" width=\"604\" height=\"154\"><\/a><\/p>\n","protected":false},"excerpt":{"rendered":"<p>&nbsp; &nbsp; No pr\u00f3ximo dia 15 de junho, durante todo o dia, o Senac vai realizar o &#8220;Agitando o Senac&#8221;, um dos eventos mais importantes promovidos pela institui\u00e7\u00e3o de ensino e suspenso em 2020 em fun\u00e7\u00e3o da pandemia. Agora o evento est\u00e1 de volta em vers\u00e3o on-line e gratuita. &nbsp; &nbsp; &nbsp; &nbsp; &nbsp; &nbsp;&#8230;<\/p>\n","protected":false},"author":1,"featured_media":0,"comment_status":"open","ping_status":"closed","sticky":false,"template":"","format":"standard","meta":{"ngg_post_thumbnail":0,"footnotes":""},"categories":[54],"tags":[],"class_list":["post-34251","post","type-post","status-publish","format-standard","hentry","category-fique-por-dentro"],"_links":{"self":[{"href":"https:\/\/radio94fm.net\/site\/wp-json\/wp\/v2\/posts\/34251","targetHints":{"allow":["GET"]}}],"collection":[{"href":"https:\/\/radio94fm.net\/site\/wp-json\/wp\/v2\/posts"}],"about":[{"href":"https:\/\/radio94fm.net\/site\/wp-json\/wp\/v2\/types\/post"}],"author":[{"embeddable":true,"href":"https:\/\/radio94fm.net\/site\/wp-json\/wp\/v2\/users\/1"}],"replies":[{"embeddable":true,"href":"https:\/\/radio94fm.net\/site\/wp-json\/wp\/v2\/comments?post=34251"}],"version-history":[{"count":0,"href":"https:\/\/radio94fm.net\/site\/wp-json\/wp\/v2\/posts\/34251\/revisions"}],"wp:attachment":[{"href":"https:\/\/radio94fm.net\/site\/wp-json\/wp\/v2\/media?parent=34251"}],"wp:term":[{"taxonomy":"category","embeddable":true,"href":"https:\/\/radio94fm.net\/site\/wp-json\/wp\/v2\/categories?post=34251"},{"taxonomy":"post_tag","embeddable":true,"href":"https:\/\/radio94fm.net\/site\/wp-json\/wp\/v2\/tags?post=34251"}],"curies":[{"name":"wp","href":"https:\/\/api.w.org\/{rel}","templated":true}]}}