{"id":34247,"date":"2021-06-10T07:44:59","date_gmt":"2021-06-10T10:44:59","guid":{"rendered":"http:\/\/www.radio94fm.net\/site\/?p=34247"},"modified":"2021-06-10T07:44:59","modified_gmt":"2021-06-10T10:44:59","slug":"policia-militar-de-meio-ambiente-de-lavras-comemora-o-dia-mundial-do-meio-ambiente","status":"publish","type":"post","link":"https:\/\/radio94fm.net\/site\/policia-militar-de-meio-ambiente-de-lavras-comemora-o-dia-mundial-do-meio-ambiente\/","title":{"rendered":"Pol\u00edcia Militar de Meio Ambiente de Lavras comemora o Dia Mundial do Meio Ambiente"},"content":{"rendered":"<p>&nbsp;<\/p>\n<p><a href=\"https:\/\/www.radio94fm.net\/site\/wp-content\/uploads\/2020\/02\/FIQUE-POR-DENTRO-1.gif\"><img loading=\"lazy\" decoding=\"async\" class=\"size-full wp-image-32063 aligncenter\" src=\"https:\/\/www.radio94fm.net\/site\/wp-content\/uploads\/2020\/02\/FIQUE-POR-DENTRO-1.gif\" alt=\"\" width=\"604\" height=\"80\"><\/a><\/p>\n<p>&nbsp;<\/p>\n<p>&nbsp;<\/p>\n<p>&nbsp;<\/p>\n<p>&nbsp;<\/p>\n<p>&nbsp;<\/p>\n<p><a href=\"https:\/\/www.radio94fm.net\/site\/wp-content\/uploads\/2021\/06\/WhatsApp-Image-2021-06-05-at-07.01.59.jpeg\"><img loading=\"lazy\" decoding=\"async\" class=\" wp-image-34248 aligncenter\" src=\"https:\/\/www.radio94fm.net\/site\/wp-content\/uploads\/2021\/06\/WhatsApp-Image-2021-06-05-at-07.01.59.jpeg\" alt=\"\" width=\"498\" height=\"333\"><\/a><\/p>\n<p>&nbsp;<\/p>\n<p>&nbsp;<\/p>\n<p>&nbsp;<\/p>\n<p>&nbsp;<\/p>\n<p>&nbsp;<\/p>\n<p>No \u00faltimo s\u00e1bado (5), Dia Mundial do Meio Ambiente, buscando conscientizar as pessoas e organiza\u00e7\u00f5es sobre a necessidade de cuidar do meio ambiente e preservar a biodiversidade, foi, finalizado um projeto, com o plantio de \u00e1rvores frut\u00edferas, as mudas foram plantadas, por policiais militares e seus respectivos filhos, no novo espa\u00e7o do pomar do quartel da 6\u00aa Cia PMMAmb.<\/p>\n<p>&nbsp;<\/p>\n<audio class=\"wp-audio-shortcode\" id=\"audio-34247-1\" preload=\"none\" style=\"width: 100%;\" controls=\"controls\"><source type=\"audio\/mpeg\" src=\"https:\/\/www.radio94fm.net\/site\/wp-content\/uploads\/2021\/06\/PM-DIA-DO-MEIO-AMBIENTE.mp3?_=1\" \/><a href=\"https:\/\/www.radio94fm.net\/site\/wp-content\/uploads\/2021\/06\/PM-DIA-DO-MEIO-AMBIENTE.mp3\">https:\/\/www.radio94fm.net\/site\/wp-content\/uploads\/2021\/06\/PM-DIA-DO-MEIO-AMBIENTE.mp3<\/a><\/audio>\n<p>&nbsp;<\/p>\n<p>&nbsp;<\/p>\n<p>&nbsp;<\/p>\n<p>&nbsp;<\/p>\n<p>&nbsp;<\/p>\n<p>&nbsp;<\/p>\n<p>&nbsp;<\/p>\n<p>&nbsp;<\/p>\n<p>&nbsp;<\/p>\n<p><a href=\"https:\/\/www.radio94fm.net\/site\/wp-content\/uploads\/2020\/02\/FIQUE-POR-DENTRO-2-BANNER.gif\"><img loading=\"lazy\" decoding=\"async\" class=\"size-full wp-image-32065 aligncenter\" src=\"https:\/\/www.radio94fm.net\/site\/wp-content\/uploads\/2020\/02\/FIQUE-POR-DENTRO-2-BANNER.gif\" alt=\"\" width=\"604\" height=\"154\"><\/a><\/p>\n","protected":false},"excerpt":{"rendered":"<p>&nbsp; &nbsp; &nbsp; &nbsp; &nbsp; &nbsp; &nbsp; &nbsp; &nbsp; &nbsp; &nbsp; No \u00faltimo s\u00e1bado (5), Dia Mundial do Meio Ambiente, buscando conscientizar as pessoas e organiza\u00e7\u00f5es sobre a necessidade de cuidar do meio ambiente e preservar a biodiversidade, foi, finalizado um projeto, com o plantio de \u00e1rvores frut\u00edferas, as mudas foram plantadas, por policiais militares&#8230;<\/p>\n","protected":false},"author":1,"featured_media":34248,"comment_status":"open","ping_status":"closed","sticky":false,"template":"","format":"standard","meta":{"ngg_post_thumbnail":0,"footnotes":""},"categories":[54],"tags":[],"class_list":["post-34247","post","type-post","status-publish","format-standard","has-post-thumbnail","hentry","category-fique-por-dentro","have-post-thumb"],"_links":{"self":[{"href":"https:\/\/radio94fm.net\/site\/wp-json\/wp\/v2\/posts\/34247","targetHints":{"allow":["GET"]}}],"collection":[{"href":"https:\/\/radio94fm.net\/site\/wp-json\/wp\/v2\/posts"}],"about":[{"href":"https:\/\/radio94fm.net\/site\/wp-json\/wp\/v2\/types\/post"}],"author":[{"embeddable":true,"href":"https:\/\/radio94fm.net\/site\/wp-json\/wp\/v2\/users\/1"}],"replies":[{"embeddable":true,"href":"https:\/\/radio94fm.net\/site\/wp-json\/wp\/v2\/comments?post=34247"}],"version-history":[{"count":0,"href":"https:\/\/radio94fm.net\/site\/wp-json\/wp\/v2\/posts\/34247\/revisions"}],"wp:attachment":[{"href":"https:\/\/radio94fm.net\/site\/wp-json\/wp\/v2\/media?parent=34247"}],"wp:term":[{"taxonomy":"category","embeddable":true,"href":"https:\/\/radio94fm.net\/site\/wp-json\/wp\/v2\/categories?post=34247"},{"taxonomy":"post_tag","embeddable":true,"href":"https:\/\/radio94fm.net\/site\/wp-json\/wp\/v2\/tags?post=34247"}],"curies":[{"name":"wp","href":"https:\/\/api.w.org\/{rel}","templated":true}]}}