{"id":34162,"date":"2021-05-26T11:00:21","date_gmt":"2021-05-26T14:00:21","guid":{"rendered":"http:\/\/www.radio94fm.net\/site\/?p=34162"},"modified":"2021-05-26T11:00:21","modified_gmt":"2021-05-26T14:00:21","slug":"campanha-do-sesc-esta-arrecadando-alimentos-para-a-apae-de-lavras","status":"publish","type":"post","link":"https:\/\/radio94fm.net\/site\/campanha-do-sesc-esta-arrecadando-alimentos-para-a-apae-de-lavras\/","title":{"rendered":"Campanha do Sesc est\u00e1 arrecadando alimentos para a APAE de Lavras"},"content":{"rendered":"<p><a href=\"https:\/\/www.radio94fm.net\/site\/wp-content\/uploads\/2020\/02\/FIQUE-POR-DENTRO-1.gif\"><img loading=\"lazy\" decoding=\"async\" class=\"size-full wp-image-32063 aligncenter\" src=\"https:\/\/www.radio94fm.net\/site\/wp-content\/uploads\/2020\/02\/FIQUE-POR-DENTRO-1.gif\" alt=\"\" width=\"604\" height=\"80\"><\/a><\/p>\n<p>&nbsp;<\/p>\n<p>&nbsp;<\/p>\n<p>&nbsp;<\/p>\n<p>&nbsp;<\/p>\n<p><a href=\"https:\/\/www.radio94fm.net\/site\/wp-content\/uploads\/2021\/03\/unnamed.png\"><img loading=\"lazy\" decoding=\"async\" class=\"size-full wp-image-33389 aligncenter\" src=\"https:\/\/www.radio94fm.net\/site\/wp-content\/uploads\/2021\/03\/unnamed.png\" alt=\"\" width=\"512\" height=\"291\"><\/a><\/p>\n<p>&nbsp;<\/p>\n<p>&nbsp;<\/p>\n<p>&nbsp;<\/p>\n<p>&nbsp;<\/p>\n<p>&nbsp;<\/p>\n<p>A campanha &#8220;Salve &#8211; Unidos contra a fome&#8221; \u00e9 uma iniciativa do Sesc em Minas para arrecadar doa\u00e7\u00f5es para combater a fome em Minas Gerais, que foi instaurada pela crise econ\u00f4mica gerada pela pandemia do coronav\u00edrus.<\/p>\n<p>&nbsp;<\/p>\n<p>&nbsp;<\/p>\n<audio class=\"wp-audio-shortcode\" id=\"audio-34162-1\" preload=\"none\" style=\"width: 100%;\" controls=\"controls\"><source type=\"audio\/mpeg\" src=\"https:\/\/www.radio94fm.net\/site\/wp-content\/uploads\/2021\/05\/Campanha-do-Sesc-esta-arrecadando-doacoes-p-Apae-online-audio-converter.com_.mp3?_=1\" \/><a href=\"https:\/\/www.radio94fm.net\/site\/wp-content\/uploads\/2021\/05\/Campanha-do-Sesc-esta-arrecadando-doacoes-p-Apae-online-audio-converter.com_.mp3\">https:\/\/www.radio94fm.net\/site\/wp-content\/uploads\/2021\/05\/Campanha-do-Sesc-esta-arrecadando-doacoes-p-Apae-online-audio-converter.com_.mp3<\/a><\/audio>\n<p>&nbsp;<\/p>\n<p>&nbsp;<\/p>\n<p>&nbsp;<\/p>\n<p>&nbsp;<\/p>\n<p>&nbsp;<\/p>\n<p><a href=\"https:\/\/www.radio94fm.net\/site\/wp-content\/uploads\/2020\/02\/FIQUE-POR-DENTRO-2-BANNER.gif\"><img loading=\"lazy\" decoding=\"async\" class=\"size-full wp-image-32065 aligncenter\" src=\"https:\/\/www.radio94fm.net\/site\/wp-content\/uploads\/2020\/02\/FIQUE-POR-DENTRO-2-BANNER.gif\" alt=\"\" width=\"604\" height=\"154\"><\/a><\/p>\n","protected":false},"excerpt":{"rendered":"<p>&nbsp; &nbsp; &nbsp; &nbsp; &nbsp; &nbsp; &nbsp; &nbsp; &nbsp; A campanha &#8220;Salve &#8211; Unidos contra a fome&#8221; \u00e9 uma iniciativa do Sesc em Minas para arrecadar doa\u00e7\u00f5es para combater a fome em Minas Gerais, que foi instaurada pela crise econ\u00f4mica gerada pela pandemia do coronav\u00edrus. &nbsp; &nbsp; &nbsp; &nbsp; &nbsp; &nbsp; &nbsp;<\/p>\n","protected":false},"author":1,"featured_media":33392,"comment_status":"open","ping_status":"closed","sticky":false,"template":"","format":"standard","meta":{"ngg_post_thumbnail":0,"footnotes":""},"categories":[54],"tags":[],"class_list":["post-34162","post","type-post","status-publish","format-standard","has-post-thumbnail","hentry","category-fique-por-dentro","have-post-thumb"],"_links":{"self":[{"href":"https:\/\/radio94fm.net\/site\/wp-json\/wp\/v2\/posts\/34162","targetHints":{"allow":["GET"]}}],"collection":[{"href":"https:\/\/radio94fm.net\/site\/wp-json\/wp\/v2\/posts"}],"about":[{"href":"https:\/\/radio94fm.net\/site\/wp-json\/wp\/v2\/types\/post"}],"author":[{"embeddable":true,"href":"https:\/\/radio94fm.net\/site\/wp-json\/wp\/v2\/users\/1"}],"replies":[{"embeddable":true,"href":"https:\/\/radio94fm.net\/site\/wp-json\/wp\/v2\/comments?post=34162"}],"version-history":[{"count":0,"href":"https:\/\/radio94fm.net\/site\/wp-json\/wp\/v2\/posts\/34162\/revisions"}],"wp:attachment":[{"href":"https:\/\/radio94fm.net\/site\/wp-json\/wp\/v2\/media?parent=34162"}],"wp:term":[{"taxonomy":"category","embeddable":true,"href":"https:\/\/radio94fm.net\/site\/wp-json\/wp\/v2\/categories?post=34162"},{"taxonomy":"post_tag","embeddable":true,"href":"https:\/\/radio94fm.net\/site\/wp-json\/wp\/v2\/tags?post=34162"}],"curies":[{"name":"wp","href":"https:\/\/api.w.org\/{rel}","templated":true}]}}