{"id":34047,"date":"2021-05-13T11:33:30","date_gmt":"2021-05-13T14:33:30","guid":{"rendered":"http:\/\/www.radio94fm.net\/site\/?p=34047"},"modified":"2021-05-13T11:33:30","modified_gmt":"2021-05-13T14:33:30","slug":"semana-do-mei-oferece-atividades-gratuitas-para-apoiar-empreendedores-na-gestao-e-sustentabilidade-dos-negocios","status":"publish","type":"post","link":"https:\/\/radio94fm.net\/site\/semana-do-mei-oferece-atividades-gratuitas-para-apoiar-empreendedores-na-gestao-e-sustentabilidade-dos-negocios\/","title":{"rendered":"Semana do MEI oferece atividades gratuitas para apoiar empreendedores na gest\u00e3o e sustentabilidade dos neg\u00f3cios"},"content":{"rendered":"<p><a href=\"https:\/\/www.radio94fm.net\/site\/wp-content\/uploads\/2020\/02\/FIQUE-POR-DENTRO-1.gif\"><img loading=\"lazy\" decoding=\"async\" class=\"size-full wp-image-32063 aligncenter\" src=\"https:\/\/www.radio94fm.net\/site\/wp-content\/uploads\/2020\/02\/FIQUE-POR-DENTRO-1.gif\" alt=\"\" width=\"604\" height=\"80\"><\/a><\/p>\n<p>&nbsp;<\/p>\n<p>&nbsp;<\/p>\n<p>&nbsp;<\/p>\n<p>&nbsp;<\/p>\n<p>&nbsp;<\/p>\n<p><a href=\"https:\/\/www.radio94fm.net\/site\/wp-content\/uploads\/2019\/05\/sebrae-mei20190421-091222-001seliga.jpg\"><img loading=\"lazy\" decoding=\"async\" class=\" wp-image-30578 aligncenter\" src=\"https:\/\/www.radio94fm.net\/site\/wp-content\/uploads\/2019\/05\/sebrae-mei20190421-091222-001seliga.jpg\" alt=\"\" width=\"535\" height=\"284\"><\/a><\/p>\n<p>&nbsp;<\/p>\n<p>&nbsp;<\/p>\n<p>&nbsp;<\/p>\n<p>&nbsp;<\/p>\n<p>Em Minas Gerais, durante a pandemia, o n\u00famero de formaliza\u00e7\u00f5es de microempreendedores individuais (MEI) aumentou 19%, s\u00e3o mais de 200 mil novos registros. Para proporcionar capacita\u00e7\u00e3o e orienta\u00e7\u00e3o empresarial para os microempreendedores, ampliando a sustentabilidade dos seus neg\u00f3cios, o Sebrae realiza, de 10 a 14 de maio, a Semana do MEI.&nbsp;<\/p>\n<p>&nbsp;<\/p>\n<p>&nbsp;<\/p>\n<audio class=\"wp-audio-shortcode\" id=\"audio-34047-1\" preload=\"none\" style=\"width: 100%;\" controls=\"controls\"><source type=\"audio\/mpeg\" src=\"https:\/\/www.radio94fm.net\/site\/wp-content\/uploads\/2021\/05\/Semana-do-MEI-Sebrae-online-audio-converter.com_.mp3?_=1\" \/><a href=\"https:\/\/www.radio94fm.net\/site\/wp-content\/uploads\/2021\/05\/Semana-do-MEI-Sebrae-online-audio-converter.com_.mp3\">https:\/\/www.radio94fm.net\/site\/wp-content\/uploads\/2021\/05\/Semana-do-MEI-Sebrae-online-audio-converter.com_.mp3<\/a><\/audio>\n<p>&nbsp;<\/p>\n<p>&nbsp;<\/p>\n<p>&nbsp;<\/p>\n<p>&nbsp;<\/p>\n<p>&nbsp;<\/p>\n<p>&nbsp;<\/p>\n<p><a href=\"https:\/\/www.radio94fm.net\/site\/wp-content\/uploads\/2020\/02\/FIQUE-POR-DENTRO-2-BANNER.gif\"><img loading=\"lazy\" decoding=\"async\" class=\"size-full wp-image-32065 aligncenter\" src=\"https:\/\/www.radio94fm.net\/site\/wp-content\/uploads\/2020\/02\/FIQUE-POR-DENTRO-2-BANNER.gif\" alt=\"\" width=\"604\" height=\"154\"><\/a><\/p>\n<p>&nbsp;<\/p>\n<p>&nbsp;<\/p>\n","protected":false},"excerpt":{"rendered":"<p>&nbsp; &nbsp; &nbsp; &nbsp; &nbsp; &nbsp; &nbsp; &nbsp; &nbsp; Em Minas Gerais, durante a pandemia, o n\u00famero de formaliza\u00e7\u00f5es de microempreendedores individuais (MEI) aumentou 19%, s\u00e3o mais de 200 mil novos registros. Para proporcionar capacita\u00e7\u00e3o e orienta\u00e7\u00e3o empresarial para os microempreendedores, ampliando a sustentabilidade dos seus neg\u00f3cios, o Sebrae realiza, de 10 a 14 de&#8230;<\/p>\n","protected":false},"author":1,"featured_media":30578,"comment_status":"open","ping_status":"closed","sticky":false,"template":"","format":"standard","meta":{"ngg_post_thumbnail":0,"footnotes":""},"categories":[54],"tags":[],"class_list":["post-34047","post","type-post","status-publish","format-standard","has-post-thumbnail","hentry","category-fique-por-dentro","have-post-thumb"],"_links":{"self":[{"href":"https:\/\/radio94fm.net\/site\/wp-json\/wp\/v2\/posts\/34047","targetHints":{"allow":["GET"]}}],"collection":[{"href":"https:\/\/radio94fm.net\/site\/wp-json\/wp\/v2\/posts"}],"about":[{"href":"https:\/\/radio94fm.net\/site\/wp-json\/wp\/v2\/types\/post"}],"author":[{"embeddable":true,"href":"https:\/\/radio94fm.net\/site\/wp-json\/wp\/v2\/users\/1"}],"replies":[{"embeddable":true,"href":"https:\/\/radio94fm.net\/site\/wp-json\/wp\/v2\/comments?post=34047"}],"version-history":[{"count":0,"href":"https:\/\/radio94fm.net\/site\/wp-json\/wp\/v2\/posts\/34047\/revisions"}],"wp:attachment":[{"href":"https:\/\/radio94fm.net\/site\/wp-json\/wp\/v2\/media?parent=34047"}],"wp:term":[{"taxonomy":"category","embeddable":true,"href":"https:\/\/radio94fm.net\/site\/wp-json\/wp\/v2\/categories?post=34047"},{"taxonomy":"post_tag","embeddable":true,"href":"https:\/\/radio94fm.net\/site\/wp-json\/wp\/v2\/tags?post=34047"}],"curies":[{"name":"wp","href":"https:\/\/api.w.org\/{rel}","templated":true}]}}