{"id":33973,"date":"2021-05-05T18:52:24","date_gmt":"2021-05-05T21:52:24","guid":{"rendered":"http:\/\/www.radio94fm.net\/site\/?p=33973"},"modified":"2021-05-05T18:52:24","modified_gmt":"2021-05-05T21:52:24","slug":"coordenadora-do-jovem-aprendiz-da-abraco-apresenta-algumas-informacoes-sobre-o-programa","status":"publish","type":"post","link":"https:\/\/radio94fm.net\/site\/coordenadora-do-jovem-aprendiz-da-abraco-apresenta-algumas-informacoes-sobre-o-programa\/","title":{"rendered":"Coordenadora do Jovem Aprendiz da Abra\u00e7o apresenta algumas informa\u00e7\u00f5es sobre o Programa"},"content":{"rendered":"<p><a href=\"https:\/\/www.radio94fm.net\/site\/wp-content\/uploads\/2020\/02\/FIQUE-POR-DENTRO-1.gif\"><img loading=\"lazy\" decoding=\"async\" class=\"size-full wp-image-32063 aligncenter\" src=\"https:\/\/www.radio94fm.net\/site\/wp-content\/uploads\/2020\/02\/FIQUE-POR-DENTRO-1.gif\" alt=\"\" width=\"604\" height=\"80\"><\/a><\/p>\n<p>&nbsp;<\/p>\n<p>&nbsp;<\/p>\n<p>&nbsp;<\/p>\n<p>&nbsp;<\/p>\n<p>&nbsp;<\/p>\n<p>&nbsp;<\/p>\n<p>&nbsp;<\/p>\n<p><a href=\"https:\/\/www.radio94fm.net\/site\/wp-content\/uploads\/2017\/08\/Carteira-de-trabalho2.jpg\"><img loading=\"lazy\" decoding=\"async\" class=\"wp-image-25595 aligncenter\" src=\"https:\/\/www.radio94fm.net\/site\/wp-content\/uploads\/2017\/08\/Carteira-de-trabalho2.jpg\" alt=\"\" width=\"511\" height=\"383\" srcset=\"https:\/\/radio94fm.net\/site\/wp-content\/uploads\/2017\/08\/Carteira-de-trabalho2.jpg 940w, https:\/\/radio94fm.net\/site\/wp-content\/uploads\/2017\/08\/Carteira-de-trabalho2-300x225.jpg 300w, https:\/\/radio94fm.net\/site\/wp-content\/uploads\/2017\/08\/Carteira-de-trabalho2-768x576.jpg 768w\" sizes=\"auto, (max-width: 511px) 100vw, 511px\" \/><\/a><\/p>\n<p>&nbsp;<\/p>\n<p>&nbsp;<\/p>\n<p>&nbsp;<\/p>\n<p>&nbsp;<\/p>\n<p>&nbsp;<\/p>\n<p>A Associa\u00e7\u00e3o Abra\u00e7o atua em Lavras no aux\u00edlio a pessoas em situa\u00e7\u00e3o de vulnerabilidade social em diversos \u00e2mbitos. Uma das frentes em que trabalha \u00e9 com o Programa Jovem Aprendiz que tem como objetivo a inser\u00e7\u00e3o de jovens, especialmente os mais vulner\u00e1veis, no mercado de trabalho.<\/p>\n<p>&nbsp;<\/p>\n<p>&nbsp;<\/p>\n<p>&nbsp;<\/p>\n<audio class=\"wp-audio-shortcode\" id=\"audio-33973-1\" preload=\"none\" style=\"width: 100%;\" controls=\"controls\"><source type=\"audio\/mpeg\" src=\"https:\/\/www.radio94fm.net\/site\/wp-content\/uploads\/2021\/05\/Jovem-Aprendiz-Abraco-online-audio-converter.com_.mp3?_=1\" \/><a href=\"https:\/\/www.radio94fm.net\/site\/wp-content\/uploads\/2021\/05\/Jovem-Aprendiz-Abraco-online-audio-converter.com_.mp3\">https:\/\/www.radio94fm.net\/site\/wp-content\/uploads\/2021\/05\/Jovem-Aprendiz-Abraco-online-audio-converter.com_.mp3<\/a><\/audio>\n<p>&nbsp;<\/p>\n<p>&nbsp;<\/p>\n<p>&nbsp;<\/p>\n<p>&nbsp;<\/p>\n<p>&nbsp;<\/p>\n<p>&nbsp;<\/p>\n<p>&nbsp;<\/p>\n<p>&nbsp;<\/p>\n<p>&nbsp;<\/p>\n<p><a href=\"https:\/\/www.radio94fm.net\/site\/wp-content\/uploads\/2020\/02\/FIQUE-POR-DENTRO-2-BANNER.gif\"><img loading=\"lazy\" decoding=\"async\" class=\"size-full wp-image-32065 aligncenter\" src=\"https:\/\/www.radio94fm.net\/site\/wp-content\/uploads\/2020\/02\/FIQUE-POR-DENTRO-2-BANNER.gif\" alt=\"\" width=\"604\" height=\"154\"><\/a><\/p>\n","protected":false},"excerpt":{"rendered":"<p>&nbsp; &nbsp; &nbsp; &nbsp; &nbsp; &nbsp; &nbsp; &nbsp; &nbsp; &nbsp; &nbsp; &nbsp; A Associa\u00e7\u00e3o Abra\u00e7o atua em Lavras no aux\u00edlio a pessoas em situa\u00e7\u00e3o de vulnerabilidade social em diversos \u00e2mbitos. Uma das frentes em que trabalha \u00e9 com o Programa Jovem Aprendiz que tem como objetivo a inser\u00e7\u00e3o de jovens, especialmente os mais vulner\u00e1veis, no&#8230;<\/p>\n","protected":false},"author":1,"featured_media":25595,"comment_status":"open","ping_status":"closed","sticky":false,"template":"","format":"standard","meta":{"ngg_post_thumbnail":0,"footnotes":""},"categories":[54],"tags":[],"class_list":["post-33973","post","type-post","status-publish","format-standard","has-post-thumbnail","hentry","category-fique-por-dentro","have-post-thumb"],"_links":{"self":[{"href":"https:\/\/radio94fm.net\/site\/wp-json\/wp\/v2\/posts\/33973","targetHints":{"allow":["GET"]}}],"collection":[{"href":"https:\/\/radio94fm.net\/site\/wp-json\/wp\/v2\/posts"}],"about":[{"href":"https:\/\/radio94fm.net\/site\/wp-json\/wp\/v2\/types\/post"}],"author":[{"embeddable":true,"href":"https:\/\/radio94fm.net\/site\/wp-json\/wp\/v2\/users\/1"}],"replies":[{"embeddable":true,"href":"https:\/\/radio94fm.net\/site\/wp-json\/wp\/v2\/comments?post=33973"}],"version-history":[{"count":0,"href":"https:\/\/radio94fm.net\/site\/wp-json\/wp\/v2\/posts\/33973\/revisions"}],"wp:featuredmedia":[{"embeddable":true,"href":"https:\/\/radio94fm.net\/site\/wp-json\/wp\/v2\/media\/25595"}],"wp:attachment":[{"href":"https:\/\/radio94fm.net\/site\/wp-json\/wp\/v2\/media?parent=33973"}],"wp:term":[{"taxonomy":"category","embeddable":true,"href":"https:\/\/radio94fm.net\/site\/wp-json\/wp\/v2\/categories?post=33973"},{"taxonomy":"post_tag","embeddable":true,"href":"https:\/\/radio94fm.net\/site\/wp-json\/wp\/v2\/tags?post=33973"}],"curies":[{"name":"wp","href":"https:\/\/api.w.org\/{rel}","templated":true}]}}