{"id":33820,"date":"2021-04-19T17:36:15","date_gmt":"2021-04-19T20:36:15","guid":{"rendered":"http:\/\/www.radio94fm.net\/site\/?p=33820"},"modified":"2021-04-19T17:36:15","modified_gmt":"2021-04-19T20:36:15","slug":"em-lavras-associacao-contato-desenvolve-trabalho-para-transtorno-do-espectro-autismo","status":"publish","type":"post","link":"https:\/\/radio94fm.net\/site\/em-lavras-associacao-contato-desenvolve-trabalho-para-transtorno-do-espectro-autismo\/","title":{"rendered":"Em Lavras Associa\u00e7\u00e3o Contato desenvolve trabalho para transtorno do Espectro Autismo"},"content":{"rendered":"<p><a href=\"https:\/\/www.radio94fm.net\/site\/wp-content\/uploads\/2020\/02\/FIQUE-POR-DENTRO-1.gif\"><img loading=\"lazy\" decoding=\"async\" class=\"size-full wp-image-32063 aligncenter\" src=\"https:\/\/www.radio94fm.net\/site\/wp-content\/uploads\/2020\/02\/FIQUE-POR-DENTRO-1.gif\" alt=\"\" width=\"604\" height=\"80\"><\/a><\/p>\n<p>&nbsp;<\/p>\n<p>&nbsp;<\/p>\n<p>&nbsp;<\/p>\n<p>&nbsp;<\/p>\n<p>&nbsp;<\/p>\n<p><a href=\"https:\/\/www.radio94fm.net\/site\/wp-content\/uploads\/2021\/04\/puzzle-5617012_640.png\"><img loading=\"lazy\" decoding=\"async\" class=\" wp-image-33821 aligncenter\" src=\"https:\/\/www.radio94fm.net\/site\/wp-content\/uploads\/2021\/04\/puzzle-5617012_640.png\" alt=\"\" width=\"536\" height=\"370\"><\/a><\/p>\n<p>&nbsp;<\/p>\n<p>&nbsp;<\/p>\n<p>&nbsp;<\/p>\n<p>&nbsp;<\/p>\n<p>No mundo, mais de 70 milh\u00f5es de pessoas s\u00e3o portadores de autismo, o que corresponde a cerca de 1% da popula\u00e7\u00e3o mundial, segundo dados da Organiza\u00e7\u00e3o das Na\u00e7\u00f5es Unidas (ONU). No Brasil, aproximadamente 2 milh\u00f5es de pessoas s\u00e3o autistas. O Transtorno do Espectro do Autismo (TEA) \u00e9 dividido em tr\u00eas n\u00edveis: leve, moderado e grave.<\/p>\n<p>&nbsp;<\/p>\n<p>&nbsp;<\/p>\n<p>&nbsp;<\/p>\n<audio class=\"wp-audio-shortcode\" id=\"audio-33820-1\" preload=\"none\" style=\"width: 100%;\" controls=\"controls\"><source type=\"audio\/mpeg\" src=\"https:\/\/www.radio94fm.net\/site\/wp-content\/uploads\/2021\/04\/Associacao-Contato-online-audio-converter.com_.mp3?_=1\" \/><a href=\"https:\/\/www.radio94fm.net\/site\/wp-content\/uploads\/2021\/04\/Associacao-Contato-online-audio-converter.com_.mp3\">https:\/\/www.radio94fm.net\/site\/wp-content\/uploads\/2021\/04\/Associacao-Contato-online-audio-converter.com_.mp3<\/a><\/audio>\n<p>&nbsp;<\/p>\n<p>&nbsp;<\/p>\n<p>&nbsp;<\/p>\n<p>&nbsp;<\/p>\n<p>&nbsp;<\/p>\n<p><a href=\"https:\/\/www.radio94fm.net\/site\/wp-content\/uploads\/2020\/02\/FIQUE-POR-DENTRO-2-BANNER.gif\"><img loading=\"lazy\" decoding=\"async\" class=\"size-full wp-image-32065 aligncenter\" src=\"https:\/\/www.radio94fm.net\/site\/wp-content\/uploads\/2020\/02\/FIQUE-POR-DENTRO-2-BANNER.gif\" alt=\"\" width=\"604\" height=\"154\"><\/a><\/p>\n","protected":false},"excerpt":{"rendered":"<p>&nbsp; &nbsp; &nbsp; &nbsp; &nbsp; &nbsp; &nbsp; &nbsp; &nbsp; No mundo, mais de 70 milh\u00f5es de pessoas s\u00e3o portadores de autismo, o que corresponde a cerca de 1% da popula\u00e7\u00e3o mundial, segundo dados da Organiza\u00e7\u00e3o das Na\u00e7\u00f5es Unidas (ONU). No Brasil, aproximadamente 2 milh\u00f5es de pessoas s\u00e3o autistas. O Transtorno do Espectro do Autismo (TEA)&#8230;<\/p>\n","protected":false},"author":1,"featured_media":33821,"comment_status":"open","ping_status":"closed","sticky":false,"template":"","format":"standard","meta":{"ngg_post_thumbnail":0,"footnotes":""},"categories":[54],"tags":[],"class_list":["post-33820","post","type-post","status-publish","format-standard","has-post-thumbnail","hentry","category-fique-por-dentro","have-post-thumb"],"_links":{"self":[{"href":"https:\/\/radio94fm.net\/site\/wp-json\/wp\/v2\/posts\/33820","targetHints":{"allow":["GET"]}}],"collection":[{"href":"https:\/\/radio94fm.net\/site\/wp-json\/wp\/v2\/posts"}],"about":[{"href":"https:\/\/radio94fm.net\/site\/wp-json\/wp\/v2\/types\/post"}],"author":[{"embeddable":true,"href":"https:\/\/radio94fm.net\/site\/wp-json\/wp\/v2\/users\/1"}],"replies":[{"embeddable":true,"href":"https:\/\/radio94fm.net\/site\/wp-json\/wp\/v2\/comments?post=33820"}],"version-history":[{"count":0,"href":"https:\/\/radio94fm.net\/site\/wp-json\/wp\/v2\/posts\/33820\/revisions"}],"wp:attachment":[{"href":"https:\/\/radio94fm.net\/site\/wp-json\/wp\/v2\/media?parent=33820"}],"wp:term":[{"taxonomy":"category","embeddable":true,"href":"https:\/\/radio94fm.net\/site\/wp-json\/wp\/v2\/categories?post=33820"},{"taxonomy":"post_tag","embeddable":true,"href":"https:\/\/radio94fm.net\/site\/wp-json\/wp\/v2\/tags?post=33820"}],"curies":[{"name":"wp","href":"https:\/\/api.w.org\/{rel}","templated":true}]}}