{"id":33801,"date":"2021-04-18T09:29:19","date_gmt":"2021-04-18T12:29:19","guid":{"rendered":"http:\/\/www.radio94fm.net\/site\/?p=33801"},"modified":"2021-04-18T09:29:19","modified_gmt":"2021-04-18T12:29:19","slug":"prefeita-jussara-menicucci-fala-com-exclusividade-para-os-ouvintes-da-94-sobre-acoes-realizadas-nos-100-primeiros-dias-de-seu-mandato","status":"publish","type":"post","link":"https:\/\/radio94fm.net\/site\/prefeita-jussara-menicucci-fala-com-exclusividade-para-os-ouvintes-da-94-sobre-acoes-realizadas-nos-100-primeiros-dias-de-seu-mandato\/","title":{"rendered":"Prefeita Jussara Menicucci fala com exclusividade para os ouvintes da 94 sobre  a\u00e7\u00f5es realizadas nos  100 primeiros dias de seu mandato"},"content":{"rendered":"<p><a href=\"https:\/\/www.radio94fm.net\/site\/wp-content\/uploads\/2020\/02\/FIQUE-POR-DENTRO-1.gif\"><img loading=\"lazy\" decoding=\"async\" class=\"size-full wp-image-32063 aligncenter\" src=\"https:\/\/www.radio94fm.net\/site\/wp-content\/uploads\/2020\/02\/FIQUE-POR-DENTRO-1.gif\" alt=\"\" width=\"604\" height=\"80\"><\/a><\/p>\n<p>&nbsp;<\/p>\n<p>&nbsp;<\/p>\n<p>&nbsp;<\/p>\n<p>&nbsp;<\/p>\n<p><a href=\"https:\/\/www.radio94fm.net\/site\/wp-content\/uploads\/2020\/11\/QVnXi-iO_400x400.jpg\"><img loading=\"lazy\" decoding=\"async\" class=\" wp-image-32549 aligncenter\" src=\"https:\/\/www.radio94fm.net\/site\/wp-content\/uploads\/2020\/11\/QVnXi-iO_400x400.jpg\" alt=\"\" width=\"391\" height=\"391\"><\/a><\/p>\n<p>&nbsp;<\/p>\n<p>&nbsp;<\/p>\n<p>&nbsp;<\/p>\n<p>&nbsp;<\/p>\n<p>&nbsp;<\/p>\n<p>A Prefeita Jussara Menicucci de Oliveira apresentou a\u00e7\u00f5es executadas nos 100 primeiros dias de sua gest\u00e3o. A an\u00e1lise foi baseada em prioridades . Ela destacou que as dificuldades s\u00e3o muitas ,por causa da pandemia, mas apesar da preocupa\u00e7\u00e3o com a sa\u00fade , obras necess\u00e1rias est\u00e3o sendo efetuadas. Jussara falou sobre os trabalhos que est\u00e3o sendo realizados.<\/p>\n<p>&nbsp;<\/p>\n<p>&nbsp;<\/p>\n<p>&nbsp;<\/p>\n<audio class=\"wp-audio-shortcode\" id=\"audio-33801-1\" preload=\"none\" style=\"width: 100%;\" controls=\"controls\"><source type=\"audio\/mpeg\" src=\"https:\/\/www.radio94fm.net\/site\/wp-content\/uploads\/2021\/04\/Jussara-100-dias-online-audio-converter.com_.mp3?_=1\" \/><a href=\"https:\/\/www.radio94fm.net\/site\/wp-content\/uploads\/2021\/04\/Jussara-100-dias-online-audio-converter.com_.mp3\">https:\/\/www.radio94fm.net\/site\/wp-content\/uploads\/2021\/04\/Jussara-100-dias-online-audio-converter.com_.mp3<\/a><\/audio>\n<p>&nbsp;<\/p>\n<p>&nbsp;<\/p>\n<p>&nbsp;<\/p>\n<p>&nbsp;<\/p>\n<p>&nbsp;<\/p>\n<p>&nbsp;<\/p>\n<p><a href=\"https:\/\/www.radio94fm.net\/site\/wp-content\/uploads\/2020\/02\/FIQUE-POR-DENTRO-2-BANNER.gif\"><img loading=\"lazy\" decoding=\"async\" class=\"size-full wp-image-32065 aligncenter\" src=\"https:\/\/www.radio94fm.net\/site\/wp-content\/uploads\/2020\/02\/FIQUE-POR-DENTRO-2-BANNER.gif\" alt=\"\" width=\"604\" height=\"154\"><\/a><\/p>\n","protected":false},"excerpt":{"rendered":"<p>&nbsp; &nbsp; &nbsp; &nbsp; &nbsp; &nbsp; &nbsp; &nbsp; &nbsp; A Prefeita Jussara Menicucci de Oliveira apresentou a\u00e7\u00f5es executadas nos 100 primeiros dias de sua gest\u00e3o. A an\u00e1lise foi baseada em prioridades . Ela destacou que as dificuldades s\u00e3o muitas ,por causa da pandemia, mas apesar da preocupa\u00e7\u00e3o com a sa\u00fade , obras necess\u00e1rias est\u00e3o sendo&#8230;<\/p>\n","protected":false},"author":1,"featured_media":0,"comment_status":"open","ping_status":"closed","sticky":false,"template":"","format":"standard","meta":{"ngg_post_thumbnail":0,"footnotes":""},"categories":[54],"tags":[],"class_list":["post-33801","post","type-post","status-publish","format-standard","hentry","category-fique-por-dentro"],"_links":{"self":[{"href":"https:\/\/radio94fm.net\/site\/wp-json\/wp\/v2\/posts\/33801","targetHints":{"allow":["GET"]}}],"collection":[{"href":"https:\/\/radio94fm.net\/site\/wp-json\/wp\/v2\/posts"}],"about":[{"href":"https:\/\/radio94fm.net\/site\/wp-json\/wp\/v2\/types\/post"}],"author":[{"embeddable":true,"href":"https:\/\/radio94fm.net\/site\/wp-json\/wp\/v2\/users\/1"}],"replies":[{"embeddable":true,"href":"https:\/\/radio94fm.net\/site\/wp-json\/wp\/v2\/comments?post=33801"}],"version-history":[{"count":0,"href":"https:\/\/radio94fm.net\/site\/wp-json\/wp\/v2\/posts\/33801\/revisions"}],"wp:attachment":[{"href":"https:\/\/radio94fm.net\/site\/wp-json\/wp\/v2\/media?parent=33801"}],"wp:term":[{"taxonomy":"category","embeddable":true,"href":"https:\/\/radio94fm.net\/site\/wp-json\/wp\/v2\/categories?post=33801"},{"taxonomy":"post_tag","embeddable":true,"href":"https:\/\/radio94fm.net\/site\/wp-json\/wp\/v2\/tags?post=33801"}],"curies":[{"name":"wp","href":"https:\/\/api.w.org\/{rel}","templated":true}]}}