{"id":33794,"date":"2021-04-18T09:11:24","date_gmt":"2021-04-18T12:11:24","guid":{"rendered":"http:\/\/www.radio94fm.net\/site\/?p=33794"},"modified":"2021-04-18T09:11:24","modified_gmt":"2021-04-18T12:11:24","slug":"sesc-lavras-faz-doacao-de-materiais-ao-municipio","status":"publish","type":"post","link":"https:\/\/radio94fm.net\/site\/sesc-lavras-faz-doacao-de-materiais-ao-municipio\/","title":{"rendered":"Sesc Lavras faz doa\u00e7\u00e3o de materiais ao munic\u00edpio"},"content":{"rendered":"<p><a href=\"https:\/\/www.radio94fm.net\/site\/wp-content\/uploads\/2020\/02\/FIQUE-POR-DENTRO-1.gif\"><img loading=\"lazy\" decoding=\"async\" class=\"size-full wp-image-32063 aligncenter\" src=\"https:\/\/www.radio94fm.net\/site\/wp-content\/uploads\/2020\/02\/FIQUE-POR-DENTRO-1.gif\" alt=\"\" width=\"604\" height=\"80\"><\/a><\/p>\n<p>&nbsp;<\/p>\n<p>&nbsp;<\/p>\n<p>&nbsp;<\/p>\n<p>&nbsp;<\/p>\n<p>&nbsp;<\/p>\n<p>&nbsp;<\/p>\n<p><a href=\"https:\/\/www.radio94fm.net\/site\/wp-content\/uploads\/2018\/05\/logo-sesc-novo-620x326.jpg\"><img loading=\"lazy\" decoding=\"async\" class=\" wp-image-27601 aligncenter\" src=\"https:\/\/www.radio94fm.net\/site\/wp-content\/uploads\/2018\/05\/logo-sesc-novo-620x326.jpg\" alt=\"\" width=\"510\" height=\"268\"><\/a><\/p>\n<p>&nbsp;<\/p>\n<p>&nbsp;<\/p>\n<p>&nbsp;<\/p>\n<p>&nbsp;<\/p>\n<p>&nbsp;<\/p>\n<p>Depois de um levantamento junto ao Sindicato do Com\u00e9rcio e a prefeitura de Lavras, para identificar as necessidades da cidade em meio \u00e0 pandemia do Covid-19, o Sesc Minas realizou a doa\u00e7\u00e3o de materiais para o sistema de sa\u00fade do munic\u00edpio.<\/p>\n<p>&nbsp;<\/p>\n<p>&nbsp;<\/p>\n<p>&nbsp;<\/p>\n<audio class=\"wp-audio-shortcode\" id=\"audio-33794-1\" preload=\"none\" style=\"width: 100%;\" controls=\"controls\"><source type=\"audio\/mpeg\" src=\"https:\/\/www.radio94fm.net\/site\/wp-content\/uploads\/2021\/04\/Sesc-Doacao-online-audio-converter.com_.mp3?_=1\" \/><a href=\"https:\/\/www.radio94fm.net\/site\/wp-content\/uploads\/2021\/04\/Sesc-Doacao-online-audio-converter.com_.mp3\">https:\/\/www.radio94fm.net\/site\/wp-content\/uploads\/2021\/04\/Sesc-Doacao-online-audio-converter.com_.mp3<\/a><\/audio>\n<p>&nbsp;<\/p>\n<p>&nbsp;<\/p>\n<p>&nbsp;<\/p>\n<p>&nbsp;<\/p>\n<p>&nbsp;<\/p>\n<p>&nbsp;<\/p>\n<p><a href=\"https:\/\/www.radio94fm.net\/site\/wp-content\/uploads\/2020\/02\/FIQUE-POR-DENTRO-2-BANNER.gif\"><img loading=\"lazy\" decoding=\"async\" class=\"size-full wp-image-32065 aligncenter\" src=\"https:\/\/www.radio94fm.net\/site\/wp-content\/uploads\/2020\/02\/FIQUE-POR-DENTRO-2-BANNER.gif\" alt=\"\" width=\"604\" height=\"154\"><\/a><\/p>\n","protected":false},"excerpt":{"rendered":"<p>&nbsp; &nbsp; &nbsp; &nbsp; &nbsp; &nbsp; &nbsp; &nbsp; &nbsp; &nbsp; &nbsp; Depois de um levantamento junto ao Sindicato do Com\u00e9rcio e a prefeitura de Lavras, para identificar as necessidades da cidade em meio \u00e0 pandemia do Covid-19, o Sesc Minas realizou a doa\u00e7\u00e3o de materiais para o sistema de sa\u00fade do munic\u00edpio. &nbsp; &nbsp; &nbsp;&#8230;<\/p>\n","protected":false},"author":1,"featured_media":0,"comment_status":"open","ping_status":"closed","sticky":false,"template":"","format":"standard","meta":{"ngg_post_thumbnail":0,"footnotes":""},"categories":[54],"tags":[],"class_list":["post-33794","post","type-post","status-publish","format-standard","hentry","category-fique-por-dentro"],"_links":{"self":[{"href":"https:\/\/radio94fm.net\/site\/wp-json\/wp\/v2\/posts\/33794","targetHints":{"allow":["GET"]}}],"collection":[{"href":"https:\/\/radio94fm.net\/site\/wp-json\/wp\/v2\/posts"}],"about":[{"href":"https:\/\/radio94fm.net\/site\/wp-json\/wp\/v2\/types\/post"}],"author":[{"embeddable":true,"href":"https:\/\/radio94fm.net\/site\/wp-json\/wp\/v2\/users\/1"}],"replies":[{"embeddable":true,"href":"https:\/\/radio94fm.net\/site\/wp-json\/wp\/v2\/comments?post=33794"}],"version-history":[{"count":0,"href":"https:\/\/radio94fm.net\/site\/wp-json\/wp\/v2\/posts\/33794\/revisions"}],"wp:attachment":[{"href":"https:\/\/radio94fm.net\/site\/wp-json\/wp\/v2\/media?parent=33794"}],"wp:term":[{"taxonomy":"category","embeddable":true,"href":"https:\/\/radio94fm.net\/site\/wp-json\/wp\/v2\/categories?post=33794"},{"taxonomy":"post_tag","embeddable":true,"href":"https:\/\/radio94fm.net\/site\/wp-json\/wp\/v2\/tags?post=33794"}],"curies":[{"name":"wp","href":"https:\/\/api.w.org\/{rel}","templated":true}]}}