{"id":33735,"date":"2021-04-09T16:07:53","date_gmt":"2021-04-09T19:07:53","guid":{"rendered":"http:\/\/www.radio94fm.net\/site\/?p=33735"},"modified":"2021-04-09T16:07:53","modified_gmt":"2021-04-09T19:07:53","slug":"lar-e-vida-humanizacao-no-tratamento-oncologico","status":"publish","type":"post","link":"https:\/\/radio94fm.net\/site\/lar-e-vida-humanizacao-no-tratamento-oncologico\/","title":{"rendered":"Lar e Vida- Humaniza\u00e7\u00e3o no tratamento oncol\u00f3gico"},"content":{"rendered":"<p><a href=\"https:\/\/www.radio94fm.net\/site\/wp-content\/uploads\/2020\/02\/FIQUE-POR-DENTRO-1.gif\"><img loading=\"lazy\" decoding=\"async\" class=\"size-full wp-image-32063 aligncenter\" src=\"https:\/\/www.radio94fm.net\/site\/wp-content\/uploads\/2020\/02\/FIQUE-POR-DENTRO-1.gif\" alt=\"\" width=\"604\" height=\"80\"><\/a><\/p>\n<p>&nbsp;<\/p>\n<p>&nbsp;<\/p>\n<p>&nbsp;<\/p>\n<p>&nbsp;<\/p>\n<p><a href=\"https:\/\/www.radio94fm.net\/site\/wp-content\/uploads\/2021\/01\/profile_95bf05b8-be84-4307-9013-7018082a734d.png\"><img loading=\"lazy\" decoding=\"async\" class=\"wp-image-32879 aligncenter\" src=\"https:\/\/www.radio94fm.net\/site\/wp-content\/uploads\/2021\/01\/profile_95bf05b8-be84-4307-9013-7018082a734d.png\" alt=\"\" width=\"538\" height=\"538\"><\/a><\/p>\n<p>&nbsp;<\/p>\n<p>&nbsp;<\/p>\n<p>O Lar Esperan\u00e7a e Vida \u00e9 uma entidade civil de direito privado, sem fins lucrativos. O intuito da institui\u00e7\u00e3o \u00e9 oferecer apoio \u00e0s pessoas em tratamento de c\u00e2ncer, que frente a doen\u00e7a e o alto custo exigido n\u00e3o conseguem manter uma boa qualidade de vida.<\/p>\n<p>&nbsp;<\/p>\n<p>&nbsp;<\/p>\n<p>&nbsp;<\/p>\n<p>&nbsp;<\/p>\n<audio class=\"wp-audio-shortcode\" id=\"audio-33735-1\" preload=\"none\" style=\"width: 100%;\" controls=\"controls\"><source type=\"audio\/mpeg\" src=\"https:\/\/www.radio94fm.net\/site\/wp-content\/uploads\/2021\/04\/Lar-e-Vida-humanizacao-no-tratamento-oncologico-online-audio-converter.com_.mp3?_=1\" \/><a href=\"https:\/\/www.radio94fm.net\/site\/wp-content\/uploads\/2021\/04\/Lar-e-Vida-humanizacao-no-tratamento-oncologico-online-audio-converter.com_.mp3\">https:\/\/www.radio94fm.net\/site\/wp-content\/uploads\/2021\/04\/Lar-e-Vida-humanizacao-no-tratamento-oncologico-online-audio-converter.com_.mp3<\/a><\/audio>\n<p>&nbsp;<\/p>\n<p>&nbsp;<\/p>\n<p>&nbsp;<\/p>\n<p>&nbsp;<\/p>\n<p>&nbsp;<\/p>\n<p><a href=\"https:\/\/www.radio94fm.net\/site\/wp-content\/uploads\/2020\/02\/FIQUE-POR-DENTRO-2-BANNER.gif\"><img loading=\"lazy\" decoding=\"async\" class=\"size-full wp-image-32065 aligncenter\" src=\"https:\/\/www.radio94fm.net\/site\/wp-content\/uploads\/2020\/02\/FIQUE-POR-DENTRO-2-BANNER.gif\" alt=\"\" width=\"604\" height=\"154\"><\/a><\/p>\n<p>&nbsp;<\/p>\n","protected":false},"excerpt":{"rendered":"<p>&nbsp; &nbsp; &nbsp; &nbsp; &nbsp; &nbsp; O Lar Esperan\u00e7a e Vida \u00e9 uma entidade civil de direito privado, sem fins lucrativos. O intuito da institui\u00e7\u00e3o \u00e9 oferecer apoio \u00e0s pessoas em tratamento de c\u00e2ncer, que frente a doen\u00e7a e o alto custo exigido n\u00e3o conseguem manter uma boa qualidade de vida. &nbsp; &nbsp; &nbsp; &nbsp;&#8230;<\/p>\n","protected":false},"author":1,"featured_media":32879,"comment_status":"open","ping_status":"closed","sticky":false,"template":"","format":"standard","meta":{"ngg_post_thumbnail":0,"footnotes":""},"categories":[54],"tags":[],"class_list":["post-33735","post","type-post","status-publish","format-standard","has-post-thumbnail","hentry","category-fique-por-dentro","have-post-thumb"],"_links":{"self":[{"href":"https:\/\/radio94fm.net\/site\/wp-json\/wp\/v2\/posts\/33735","targetHints":{"allow":["GET"]}}],"collection":[{"href":"https:\/\/radio94fm.net\/site\/wp-json\/wp\/v2\/posts"}],"about":[{"href":"https:\/\/radio94fm.net\/site\/wp-json\/wp\/v2\/types\/post"}],"author":[{"embeddable":true,"href":"https:\/\/radio94fm.net\/site\/wp-json\/wp\/v2\/users\/1"}],"replies":[{"embeddable":true,"href":"https:\/\/radio94fm.net\/site\/wp-json\/wp\/v2\/comments?post=33735"}],"version-history":[{"count":0,"href":"https:\/\/radio94fm.net\/site\/wp-json\/wp\/v2\/posts\/33735\/revisions"}],"wp:attachment":[{"href":"https:\/\/radio94fm.net\/site\/wp-json\/wp\/v2\/media?parent=33735"}],"wp:term":[{"taxonomy":"category","embeddable":true,"href":"https:\/\/radio94fm.net\/site\/wp-json\/wp\/v2\/categories?post=33735"},{"taxonomy":"post_tag","embeddable":true,"href":"https:\/\/radio94fm.net\/site\/wp-json\/wp\/v2\/tags?post=33735"}],"curies":[{"name":"wp","href":"https:\/\/api.w.org\/{rel}","templated":true}]}}