{"id":33713,"date":"2021-04-08T16:46:54","date_gmt":"2021-04-08T19:46:54","guid":{"rendered":"http:\/\/www.radio94fm.net\/site\/?p=33713"},"modified":"2021-04-08T16:46:54","modified_gmt":"2021-04-08T19:46:54","slug":"07-de-abril-dia-do-jornalista-dalva-sueli-jornalista-lavrense-fala-dos-assuntos-mais-importantes-de-sua-vida","status":"publish","type":"post","link":"https:\/\/radio94fm.net\/site\/07-de-abril-dia-do-jornalista-dalva-sueli-jornalista-lavrense-fala-dos-assuntos-mais-importantes-de-sua-vida\/","title":{"rendered":"Dia do Jornalista \u2013  Dalva Sueli jornalista lavrense fala dos assuntos mais importantes de sua vida"},"content":{"rendered":"<p><a href=\"https:\/\/www.radio94fm.net\/site\/wp-content\/uploads\/2020\/02\/FIQUE-POR-DENTRO-1.gif\"><img loading=\"lazy\" decoding=\"async\" class=\"size-full wp-image-32063 aligncenter\" src=\"https:\/\/www.radio94fm.net\/site\/wp-content\/uploads\/2020\/02\/FIQUE-POR-DENTRO-1.gif\" alt=\"\" width=\"604\" height=\"80\"><\/a><\/p>\n<p>&nbsp;<\/p>\n<p>&nbsp;<\/p>\n<p class=\"x_MsoNormal\">&nbsp;<\/p>\n<p><a href=\"https:\/\/www.radio94fm.net\/site\/wp-content\/uploads\/2021\/04\/WhatsApp-Image-2021-04-08-at-16.15.23.jpeg\"><img loading=\"lazy\" decoding=\"async\" class=\"wp-image-33714 aligncenter\" src=\"https:\/\/www.radio94fm.net\/site\/wp-content\/uploads\/2021\/04\/WhatsApp-Image-2021-04-08-at-16.15.23.jpeg\" alt=\"\" width=\"436\" height=\"371\"><\/a><\/p>\n<p>&nbsp;<\/p>\n<p>&nbsp;<\/p>\n<p>&nbsp;<\/p>\n<p class=\"x_MsoNormal\">O Dia do Jornalista \u00e9 comemorado no Brasil no dia 7 de abril . O Jornalismo \u00e9 uma profiss\u00e3o que tem fun\u00e7\u00e3o social muito importante dentro da sociedade. Em Lavras, a jornalista Dalva Sueli sempre valorizou &nbsp;pessoas e acontecimentos sociais .<\/p>\n<p class=\"x_MsoNormal\">&nbsp;<\/p>\n<p>&nbsp;<\/p>\n<p>&nbsp;<\/p>\n<p>&nbsp;<\/p>\n<audio class=\"wp-audio-shortcode\" id=\"audio-33713-1\" preload=\"none\" style=\"width: 100%;\" controls=\"controls\"><source type=\"audio\/mpeg\" src=\"https:\/\/www.radio94fm.net\/site\/wp-content\/uploads\/2021\/04\/Dia-do-Jornalista-Dalva-online-audio-converter.com_.mp3?_=1\" \/><a href=\"https:\/\/www.radio94fm.net\/site\/wp-content\/uploads\/2021\/04\/Dia-do-Jornalista-Dalva-online-audio-converter.com_.mp3\">https:\/\/www.radio94fm.net\/site\/wp-content\/uploads\/2021\/04\/Dia-do-Jornalista-Dalva-online-audio-converter.com_.mp3<\/a><\/audio>\n<p>&nbsp;<\/p>\n<p>&nbsp;<\/p>\n<p>&nbsp;<\/p>\n<p>&nbsp;<\/p>\n<p><a href=\"https:\/\/www.radio94fm.net\/site\/wp-content\/uploads\/2020\/02\/FIQUE-POR-DENTRO-2-BANNER.gif\"><img loading=\"lazy\" decoding=\"async\" class=\"size-full wp-image-32065 aligncenter\" src=\"https:\/\/www.radio94fm.net\/site\/wp-content\/uploads\/2020\/02\/FIQUE-POR-DENTRO-2-BANNER.gif\" alt=\"\" width=\"604\" height=\"154\"><\/a><\/p>\n","protected":false},"excerpt":{"rendered":"<p>&nbsp; &nbsp; &nbsp; &nbsp; &nbsp; &nbsp; O Dia do Jornalista \u00e9 comemorado no Brasil no dia 7 de abril . O Jornalismo \u00e9 uma profiss\u00e3o que tem fun\u00e7\u00e3o social muito importante dentro da sociedade. Em Lavras, a jornalista Dalva Sueli sempre valorizou &nbsp;pessoas e acontecimentos sociais . &nbsp; &nbsp; &nbsp; &nbsp; &nbsp; &nbsp; &nbsp; &nbsp;<\/p>\n","protected":false},"author":1,"featured_media":33714,"comment_status":"open","ping_status":"closed","sticky":false,"template":"","format":"standard","meta":{"ngg_post_thumbnail":0,"footnotes":""},"categories":[54],"tags":[],"class_list":["post-33713","post","type-post","status-publish","format-standard","has-post-thumbnail","hentry","category-fique-por-dentro","have-post-thumb"],"_links":{"self":[{"href":"https:\/\/radio94fm.net\/site\/wp-json\/wp\/v2\/posts\/33713","targetHints":{"allow":["GET"]}}],"collection":[{"href":"https:\/\/radio94fm.net\/site\/wp-json\/wp\/v2\/posts"}],"about":[{"href":"https:\/\/radio94fm.net\/site\/wp-json\/wp\/v2\/types\/post"}],"author":[{"embeddable":true,"href":"https:\/\/radio94fm.net\/site\/wp-json\/wp\/v2\/users\/1"}],"replies":[{"embeddable":true,"href":"https:\/\/radio94fm.net\/site\/wp-json\/wp\/v2\/comments?post=33713"}],"version-history":[{"count":0,"href":"https:\/\/radio94fm.net\/site\/wp-json\/wp\/v2\/posts\/33713\/revisions"}],"wp:attachment":[{"href":"https:\/\/radio94fm.net\/site\/wp-json\/wp\/v2\/media?parent=33713"}],"wp:term":[{"taxonomy":"category","embeddable":true,"href":"https:\/\/radio94fm.net\/site\/wp-json\/wp\/v2\/categories?post=33713"},{"taxonomy":"post_tag","embeddable":true,"href":"https:\/\/radio94fm.net\/site\/wp-json\/wp\/v2\/tags?post=33713"}],"curies":[{"name":"wp","href":"https:\/\/api.w.org\/{rel}","templated":true}]}}