{"id":33671,"date":"2021-04-03T08:55:48","date_gmt":"2021-04-03T11:55:48","guid":{"rendered":"http:\/\/www.radio94fm.net\/site\/?p=33671"},"modified":"2021-04-03T08:55:48","modified_gmt":"2021-04-03T11:55:48","slug":"quinta-feira-comecou-o-momento-mais-importante-da-semana-santa","status":"publish","type":"post","link":"https:\/\/radio94fm.net\/site\/quinta-feira-comecou-o-momento-mais-importante-da-semana-santa\/","title":{"rendered":"Quinta-feira come\u00e7ou o momento mais importante da Semana Santa"},"content":{"rendered":"<p><a href=\"https:\/\/www.radio94fm.net\/site\/wp-content\/uploads\/2020\/02\/FIQUE-POR-DENTRO-1.gif\"><img loading=\"lazy\" decoding=\"async\" class=\"size-full wp-image-32063 aligncenter\" src=\"https:\/\/www.radio94fm.net\/site\/wp-content\/uploads\/2020\/02\/FIQUE-POR-DENTRO-1.gif\" alt=\"\" width=\"604\" height=\"80\"><\/a><\/p>\n<p>&nbsp;<\/p>\n<p>&nbsp;<\/p>\n<p>&nbsp;<\/p>\n<p>&nbsp;<\/p>\n<p><a href=\"https:\/\/www.radio94fm.net\/site\/wp-content\/uploads\/2021\/04\/triduo-pascal.jpg\"><img loading=\"lazy\" decoding=\"async\" class=\"wp-image-33672 aligncenter\" src=\"https:\/\/www.radio94fm.net\/site\/wp-content\/uploads\/2021\/04\/triduo-pascal.jpg\" alt=\"\" width=\"541\" height=\"311\"><\/a><\/p>\n<p>&nbsp;<\/p>\n<p>&nbsp;<\/p>\n<p>&nbsp;<\/p>\n<p>&nbsp;<\/p>\n<p>Segundo a f\u00e9 cat\u00f3lica, o ponto alto da Semana Santa se inicia hoje, com o Tr\u00edduo Pascal (ou Tr\u00edduo Sacro), que come\u00e7a, com a missa vespertina da Quinta-feira Santa e termina com a Vig\u00edlia Pascal, no S\u00e1bado Santo. Os tr\u00eas dias formam uma s\u00f3 celebra\u00e7\u00e3o, que resume todo o mist\u00e9rio da P\u00e1scoa. Por esse motivo, nas celebra\u00e7\u00f5es da quinta-feira \u00e0 noite e da sexta-feira \u00e0 tarde n\u00e3o se d\u00e1 a b\u00ean\u00e7\u00e3o final, ela s\u00f3 ser\u00e1 dada, solenemente, no fim da Vig\u00edlia Pascal.&nbsp;<\/p>\n<p>&nbsp;<\/p>\n<p>&nbsp;<\/p>\n<p>&nbsp;<\/p>\n<p>&nbsp;<\/p>\n<audio class=\"wp-audio-shortcode\" id=\"audio-33671-1\" preload=\"none\" style=\"width: 100%;\" controls=\"controls\"><source type=\"audio\/mpeg\" src=\"https:\/\/www.radio94fm.net\/site\/wp-content\/uploads\/2021\/04\/Momento-mais-importante-da-Semana-Santa-online-audio-converter.com_.mp3?_=1\" \/><a href=\"https:\/\/www.radio94fm.net\/site\/wp-content\/uploads\/2021\/04\/Momento-mais-importante-da-Semana-Santa-online-audio-converter.com_.mp3\">https:\/\/www.radio94fm.net\/site\/wp-content\/uploads\/2021\/04\/Momento-mais-importante-da-Semana-Santa-online-audio-converter.com_.mp3<\/a><\/audio>\n<p>&nbsp;<\/p>\n<p>&nbsp;<\/p>\n<p>&nbsp;<\/p>\n<p>&nbsp;<\/p>\n<p>&nbsp;<\/p>\n<p><a href=\"https:\/\/www.radio94fm.net\/site\/wp-content\/uploads\/2020\/02\/FIQUE-POR-DENTRO-2-BANNER.gif\"><img loading=\"lazy\" decoding=\"async\" class=\"size-full wp-image-32065 aligncenter\" src=\"https:\/\/www.radio94fm.net\/site\/wp-content\/uploads\/2020\/02\/FIQUE-POR-DENTRO-2-BANNER.gif\" alt=\"\" width=\"604\" height=\"154\"><\/a><\/p>\n<p>&nbsp;<\/p>\n","protected":false},"excerpt":{"rendered":"<p>&nbsp; &nbsp; &nbsp; &nbsp; &nbsp; &nbsp; &nbsp; &nbsp; Segundo a f\u00e9 cat\u00f3lica, o ponto alto da Semana Santa se inicia hoje, com o Tr\u00edduo Pascal (ou Tr\u00edduo Sacro), que come\u00e7a, com a missa vespertina da Quinta-feira Santa e termina com a Vig\u00edlia Pascal, no S\u00e1bado Santo. Os tr\u00eas dias formam uma s\u00f3 celebra\u00e7\u00e3o, que resume&#8230;<\/p>\n","protected":false},"author":1,"featured_media":33672,"comment_status":"open","ping_status":"closed","sticky":false,"template":"","format":"standard","meta":{"ngg_post_thumbnail":0,"footnotes":""},"categories":[54],"tags":[],"class_list":["post-33671","post","type-post","status-publish","format-standard","has-post-thumbnail","hentry","category-fique-por-dentro","have-post-thumb"],"_links":{"self":[{"href":"https:\/\/radio94fm.net\/site\/wp-json\/wp\/v2\/posts\/33671","targetHints":{"allow":["GET"]}}],"collection":[{"href":"https:\/\/radio94fm.net\/site\/wp-json\/wp\/v2\/posts"}],"about":[{"href":"https:\/\/radio94fm.net\/site\/wp-json\/wp\/v2\/types\/post"}],"author":[{"embeddable":true,"href":"https:\/\/radio94fm.net\/site\/wp-json\/wp\/v2\/users\/1"}],"replies":[{"embeddable":true,"href":"https:\/\/radio94fm.net\/site\/wp-json\/wp\/v2\/comments?post=33671"}],"version-history":[{"count":0,"href":"https:\/\/radio94fm.net\/site\/wp-json\/wp\/v2\/posts\/33671\/revisions"}],"wp:attachment":[{"href":"https:\/\/radio94fm.net\/site\/wp-json\/wp\/v2\/media?parent=33671"}],"wp:term":[{"taxonomy":"category","embeddable":true,"href":"https:\/\/radio94fm.net\/site\/wp-json\/wp\/v2\/categories?post=33671"},{"taxonomy":"post_tag","embeddable":true,"href":"https:\/\/radio94fm.net\/site\/wp-json\/wp\/v2\/tags?post=33671"}],"curies":[{"name":"wp","href":"https:\/\/api.w.org\/{rel}","templated":true}]}}