{"id":33590,"date":"2021-03-24T09:05:57","date_gmt":"2021-03-24T12:05:57","guid":{"rendered":"http:\/\/www.radio94fm.net\/site\/?p=33590"},"modified":"2021-03-24T09:05:57","modified_gmt":"2021-03-24T12:05:57","slug":"policia-militar-de-lavras-fala-sobre-a-onda-roxa-do-minas-consciente","status":"publish","type":"post","link":"https:\/\/radio94fm.net\/site\/policia-militar-de-lavras-fala-sobre-a-onda-roxa-do-minas-consciente\/","title":{"rendered":"Pol\u00edcia Militar de Lavras fala sobre a onda roxa do Minas Consciente"},"content":{"rendered":"<p><a href=\"https:\/\/www.radio94fm.net\/site\/wp-content\/uploads\/2020\/02\/FIQUE-POR-DENTRO-1.gif\"><img loading=\"lazy\" decoding=\"async\" class=\"size-full wp-image-32063 aligncenter\" src=\"https:\/\/www.radio94fm.net\/site\/wp-content\/uploads\/2020\/02\/FIQUE-POR-DENTRO-1.gif\" alt=\"\" width=\"604\" height=\"80\"><\/a><\/p>\n<p>&nbsp;<\/p>\n<p>&nbsp;<\/p>\n<p>&nbsp;<\/p>\n<p>&nbsp;<\/p>\n<p><a href=\"https:\/\/www.radio94fm.net\/site\/wp-content\/uploads\/2017\/05\/Banner_PMMG.png\"><img loading=\"lazy\" decoding=\"async\" class=\"size-full wp-image-24982 aligncenter\" src=\"https:\/\/www.radio94fm.net\/site\/wp-content\/uploads\/2017\/05\/Banner_PMMG.png\" alt=\"\" width=\"485\" height=\"251\" srcset=\"https:\/\/radio94fm.net\/site\/wp-content\/uploads\/2017\/05\/Banner_PMMG.png 485w, https:\/\/radio94fm.net\/site\/wp-content\/uploads\/2017\/05\/Banner_PMMG-300x155.png 300w\" sizes=\"auto, (max-width: 485px) 100vw, 485px\" \/><\/a><\/p>\n<p>&nbsp;<\/p>\n<p>&nbsp;<\/p>\n<p>Com a&nbsp;ado\u00e7\u00e3o da onda roxa, a mais&nbsp;restritiva do Minas Consciente, &nbsp;algumas regras foram estabelecidas, para conter a dissemina\u00e7\u00e3o da covid19, entre elas, limite de hor\u00e1rio noturno para &nbsp;circula\u00e7\u00e3o de pessoas com exce\u00e7\u00e3o para trabalhadores de atividades essenciais.<\/p>\n<p>&nbsp;<\/p>\n<p>&nbsp;<\/p>\n<p>&nbsp;<\/p>\n<p>&nbsp;<\/p>\n<audio class=\"wp-audio-shortcode\" id=\"audio-33590-1\" preload=\"none\" style=\"width: 100%;\" controls=\"controls\"><source type=\"audio\/mpeg\" src=\"https:\/\/www.radio94fm.net\/site\/wp-content\/uploads\/2021\/03\/Pm-de-Lavras-fala-sobre-onda-roxa-online-audio-converter.com_.mp3?_=1\" \/><a href=\"https:\/\/www.radio94fm.net\/site\/wp-content\/uploads\/2021\/03\/Pm-de-Lavras-fala-sobre-onda-roxa-online-audio-converter.com_.mp3\">https:\/\/www.radio94fm.net\/site\/wp-content\/uploads\/2021\/03\/Pm-de-Lavras-fala-sobre-onda-roxa-online-audio-converter.com_.mp3<\/a><\/audio>\n<p>&nbsp;<\/p>\n<p>&nbsp;<\/p>\n<p>&nbsp;<\/p>\n<p>&nbsp;<\/p>\n<p>&nbsp;<\/p>\n<p><a href=\"https:\/\/www.radio94fm.net\/site\/wp-content\/uploads\/2020\/02\/FIQUE-POR-DENTRO-2-BANNER.gif\"><img loading=\"lazy\" decoding=\"async\" class=\"size-full wp-image-32065 aligncenter\" src=\"https:\/\/www.radio94fm.net\/site\/wp-content\/uploads\/2020\/02\/FIQUE-POR-DENTRO-2-BANNER.gif\" alt=\"\" width=\"604\" height=\"154\"><\/a><\/p>\n<p>&nbsp;<\/p>\n<p>&nbsp;<\/p>\n","protected":false},"excerpt":{"rendered":"<p>&nbsp; &nbsp; &nbsp; &nbsp; &nbsp; &nbsp; Com a&nbsp;ado\u00e7\u00e3o da onda roxa, a mais&nbsp;restritiva do Minas Consciente, &nbsp;algumas regras foram estabelecidas, para conter a dissemina\u00e7\u00e3o da covid19, entre elas, limite de hor\u00e1rio noturno para &nbsp;circula\u00e7\u00e3o de pessoas com exce\u00e7\u00e3o para trabalhadores de atividades essenciais. &nbsp; &nbsp; &nbsp; &nbsp; &nbsp; &nbsp; &nbsp; &nbsp; &nbsp; &nbsp; &nbsp;<\/p>\n","protected":false},"author":1,"featured_media":24982,"comment_status":"open","ping_status":"closed","sticky":false,"template":"","format":"standard","meta":{"ngg_post_thumbnail":0,"footnotes":""},"categories":[54],"tags":[],"class_list":["post-33590","post","type-post","status-publish","format-standard","has-post-thumbnail","hentry","category-fique-por-dentro","have-post-thumb"],"_links":{"self":[{"href":"https:\/\/radio94fm.net\/site\/wp-json\/wp\/v2\/posts\/33590","targetHints":{"allow":["GET"]}}],"collection":[{"href":"https:\/\/radio94fm.net\/site\/wp-json\/wp\/v2\/posts"}],"about":[{"href":"https:\/\/radio94fm.net\/site\/wp-json\/wp\/v2\/types\/post"}],"author":[{"embeddable":true,"href":"https:\/\/radio94fm.net\/site\/wp-json\/wp\/v2\/users\/1"}],"replies":[{"embeddable":true,"href":"https:\/\/radio94fm.net\/site\/wp-json\/wp\/v2\/comments?post=33590"}],"version-history":[{"count":0,"href":"https:\/\/radio94fm.net\/site\/wp-json\/wp\/v2\/posts\/33590\/revisions"}],"wp:featuredmedia":[{"embeddable":true,"href":"https:\/\/radio94fm.net\/site\/wp-json\/wp\/v2\/media\/24982"}],"wp:attachment":[{"href":"https:\/\/radio94fm.net\/site\/wp-json\/wp\/v2\/media?parent=33590"}],"wp:term":[{"taxonomy":"category","embeddable":true,"href":"https:\/\/radio94fm.net\/site\/wp-json\/wp\/v2\/categories?post=33590"},{"taxonomy":"post_tag","embeddable":true,"href":"https:\/\/radio94fm.net\/site\/wp-json\/wp\/v2\/tags?post=33590"}],"curies":[{"name":"wp","href":"https:\/\/api.w.org\/{rel}","templated":true}]}}