{"id":33587,"date":"2021-03-22T18:13:27","date_gmt":"2021-03-22T21:13:27","guid":{"rendered":"http:\/\/www.radio94fm.net\/site\/?p=33587"},"modified":"2021-03-22T18:13:27","modified_gmt":"2021-03-22T21:13:27","slug":"lar-augusto-silva-esta-com-campanha-para-doacoes-de-leite-acucar-e-fraldas","status":"publish","type":"post","link":"https:\/\/radio94fm.net\/site\/lar-augusto-silva-esta-com-campanha-para-doacoes-de-leite-acucar-e-fraldas\/","title":{"rendered":"Lar Augusto Silva est\u00e1 com campanha para doa\u00e7\u00f5es de leite, a\u00e7\u00facar e fraldas"},"content":{"rendered":"<p>&nbsp;<\/p>\n<p><a href=\"https:\/\/www.radio94fm.net\/site\/wp-content\/uploads\/2020\/02\/FIQUE-POR-DENTRO-1.gif\"><img loading=\"lazy\" decoding=\"async\" class=\"size-full wp-image-32063 aligncenter\" src=\"https:\/\/www.radio94fm.net\/site\/wp-content\/uploads\/2020\/02\/FIQUE-POR-DENTRO-1.gif\" alt=\"\" width=\"604\" height=\"80\"><\/a><\/p>\n<p>&nbsp;<\/p>\n<p>&nbsp;<\/p>\n<p>&nbsp;<\/p>\n<p><a href=\"https:\/\/www.radio94fm.net\/site\/wp-content\/uploads\/2018\/10\/lar.jpg\"><img loading=\"lazy\" decoding=\"async\" class=\"size-full wp-image-29115 aligncenter\" src=\"https:\/\/www.radio94fm.net\/site\/wp-content\/uploads\/2018\/10\/lar.jpg\" alt=\"\" width=\"448\" height=\"336\"><\/a><\/p>\n<p>&nbsp;<\/p>\n<p>&nbsp;<\/p>\n<p>O asilo de Lavras, Lar Augusto Silva, est\u00e1 promovendo uma nova campanha com o objetivo de arrecadar principalmente leite, a\u00e7ucar e fraldas geri\u00e1tricas para os seus mais de 60 idosos assistidos. Produtos de higiene pessoal tamb\u00e9m s\u00e3o bem vindos, como como barbeador, desodorante, shampoo e sabonete.<\/p>\n<p>&nbsp;<\/p>\n<p>&nbsp;<\/p>\n<audio class=\"wp-audio-shortcode\" id=\"audio-33587-1\" preload=\"none\" style=\"width: 100%;\" controls=\"controls\"><source type=\"audio\/mpeg\" src=\"https:\/\/www.radio94fm.net\/site\/wp-content\/uploads\/2021\/03\/Campanha-Lar-Augusto-Silva-online-audio-converter.com_.mp3?_=1\" \/><a href=\"https:\/\/www.radio94fm.net\/site\/wp-content\/uploads\/2021\/03\/Campanha-Lar-Augusto-Silva-online-audio-converter.com_.mp3\">https:\/\/www.radio94fm.net\/site\/wp-content\/uploads\/2021\/03\/Campanha-Lar-Augusto-Silva-online-audio-converter.com_.mp3<\/a><\/audio>\n<p>&nbsp;<\/p>\n<p>&nbsp;<\/p>\n<p>&nbsp;<\/p>\n<p>&nbsp;<\/p>\n<p><a href=\"https:\/\/www.radio94fm.net\/site\/wp-content\/uploads\/2020\/02\/FIQUE-POR-DENTRO-2-BANNER.gif\"><img loading=\"lazy\" decoding=\"async\" class=\"size-full wp-image-32065 aligncenter\" src=\"https:\/\/www.radio94fm.net\/site\/wp-content\/uploads\/2020\/02\/FIQUE-POR-DENTRO-2-BANNER.gif\" alt=\"\" width=\"604\" height=\"154\"><\/a><\/p>\n","protected":false},"excerpt":{"rendered":"<p>&nbsp; &nbsp; &nbsp; &nbsp; &nbsp; &nbsp; O asilo de Lavras, Lar Augusto Silva, est\u00e1 promovendo uma nova campanha com o objetivo de arrecadar principalmente leite, a\u00e7ucar e fraldas geri\u00e1tricas para os seus mais de 60 idosos assistidos. Produtos de higiene pessoal tamb\u00e9m s\u00e3o bem vindos, como como barbeador, desodorante, shampoo e sabonete. &nbsp; &nbsp; &nbsp;&#8230;<\/p>\n","protected":false},"author":1,"featured_media":29115,"comment_status":"open","ping_status":"closed","sticky":false,"template":"","format":"standard","meta":{"ngg_post_thumbnail":0,"footnotes":""},"categories":[54],"tags":[],"class_list":["post-33587","post","type-post","status-publish","format-standard","has-post-thumbnail","hentry","category-fique-por-dentro","have-post-thumb"],"_links":{"self":[{"href":"https:\/\/radio94fm.net\/site\/wp-json\/wp\/v2\/posts\/33587","targetHints":{"allow":["GET"]}}],"collection":[{"href":"https:\/\/radio94fm.net\/site\/wp-json\/wp\/v2\/posts"}],"about":[{"href":"https:\/\/radio94fm.net\/site\/wp-json\/wp\/v2\/types\/post"}],"author":[{"embeddable":true,"href":"https:\/\/radio94fm.net\/site\/wp-json\/wp\/v2\/users\/1"}],"replies":[{"embeddable":true,"href":"https:\/\/radio94fm.net\/site\/wp-json\/wp\/v2\/comments?post=33587"}],"version-history":[{"count":0,"href":"https:\/\/radio94fm.net\/site\/wp-json\/wp\/v2\/posts\/33587\/revisions"}],"wp:attachment":[{"href":"https:\/\/radio94fm.net\/site\/wp-json\/wp\/v2\/media?parent=33587"}],"wp:term":[{"taxonomy":"category","embeddable":true,"href":"https:\/\/radio94fm.net\/site\/wp-json\/wp\/v2\/categories?post=33587"},{"taxonomy":"post_tag","embeddable":true,"href":"https:\/\/radio94fm.net\/site\/wp-json\/wp\/v2\/tags?post=33587"}],"curies":[{"name":"wp","href":"https:\/\/api.w.org\/{rel}","templated":true}]}}