{"id":33549,"date":"2021-03-18T18:17:00","date_gmt":"2021-03-18T21:17:00","guid":{"rendered":"http:\/\/www.radio94fm.net\/site\/?p=33549"},"modified":"2021-03-18T18:17:00","modified_gmt":"2021-03-18T21:17:00","slug":"banco-de-alimentos-aceita-doacoes-de-pessoas-e-empresas-em-lavras","status":"publish","type":"post","link":"https:\/\/radio94fm.net\/site\/banco-de-alimentos-aceita-doacoes-de-pessoas-e-empresas-em-lavras\/","title":{"rendered":"Banco de Alimentos aceita doa\u00e7\u00f5es de pessoas e empresas em Lavras"},"content":{"rendered":"\n<div class=\"wp-block-image\">\n<figure class=\"aligncenter size-large\"><a href=\"https:\/\/www.radio94fm.net\/site\/wp-content\/uploads\/2020\/02\/FIQUE-POR-DENTRO-1.gif\"><img decoding=\"async\" class=\"wp-image-32063 aligncenter\" src=\"https:\/\/www.radio94fm.net\/site\/wp-content\/uploads\/2020\/02\/FIQUE-POR-DENTRO-1.gif\" alt=\"\"><\/a><\/figure>\n<p>&nbsp;<\/p>\n<\/div>\n\n\n\n<div class=\"wp-block-image\">\n<figure class=\"aligncenter size-large is-resized\"><a href=\"https:\/\/www.radio94fm.net\/site\/wp-content\/uploads\/2021\/03\/heart-1688029_640.png\"><img loading=\"lazy\" decoding=\"async\" class=\"wp-image-33417 aligncenter\" src=\"https:\/\/www.radio94fm.net\/site\/wp-content\/uploads\/2021\/03\/heart-1688029_640.png\" alt=\"\" width=\"427\" height=\"460\"><\/a><\/figure>\n<\/div>\n<p>&nbsp;<\/p>\n<p>&nbsp;<\/p>\n\n\n\n<p class=\"wp-block-paragraph\">O Banco Municipal de Alimentos de Lavras est\u00e1 em funcionamento desde 2019, com a miss\u00e3o de distribuir alimentos para entidades assistenciais, al\u00e9m de fam\u00edlias em situa\u00e7\u00e3o de fragilidade socioecon\u00f4mica. Qualquer pessoa pode doar alimentos ao banco, bastando para isso entreg\u00e1-los na sede do servi\u00e7o.<\/p>\n<p>&nbsp;<\/p>\n<p>&nbsp;<\/p>\n<p>&nbsp;<\/p>\n<p><a href=\"https:\/\/www.radio94fm.net\/site\/wp-content\/uploads\/2020\/02\/FIQUE-POR-DENTRO-2-BANNER.gif\"><img loading=\"lazy\" decoding=\"async\" class=\"size-full wp-image-32065 aligncenter\" src=\"https:\/\/www.radio94fm.net\/site\/wp-content\/uploads\/2020\/02\/FIQUE-POR-DENTRO-2-BANNER.gif\" alt=\"\" width=\"604\" height=\"154\"><\/a><\/p>\n<p>&nbsp;<\/p>\n\n\n\n<figure class=\"wp-block-gallery columns-0 is-cropped wp-block-gallery-1 is-layout-flex wp-block-gallery-is-layout-flex\"><\/figure>\n","protected":false},"excerpt":{"rendered":"<p>O Banco Municipal de Alimentos de Lavras est\u00e1 em funcionamento desde 2019, com a miss\u00e3o de distribuir alimentos para entidades assistenciais, al\u00e9m de fam\u00edlias em situa\u00e7\u00e3o de fragilidade socioecon\u00f4mica. Qualquer pessoa pode doar alimentos ao banco, bastando para isso entreg\u00e1-los na sede do servi\u00e7o. &nbsp; &nbsp; &nbsp; &nbsp;<\/p>\n","protected":false},"author":1,"featured_media":33417,"comment_status":"open","ping_status":"closed","sticky":false,"template":"","format":"standard","meta":{"ngg_post_thumbnail":0,"footnotes":""},"categories":[54],"tags":[],"class_list":["post-33549","post","type-post","status-publish","format-standard","has-post-thumbnail","hentry","category-fique-por-dentro","have-post-thumb"],"_links":{"self":[{"href":"https:\/\/radio94fm.net\/site\/wp-json\/wp\/v2\/posts\/33549","targetHints":{"allow":["GET"]}}],"collection":[{"href":"https:\/\/radio94fm.net\/site\/wp-json\/wp\/v2\/posts"}],"about":[{"href":"https:\/\/radio94fm.net\/site\/wp-json\/wp\/v2\/types\/post"}],"author":[{"embeddable":true,"href":"https:\/\/radio94fm.net\/site\/wp-json\/wp\/v2\/users\/1"}],"replies":[{"embeddable":true,"href":"https:\/\/radio94fm.net\/site\/wp-json\/wp\/v2\/comments?post=33549"}],"version-history":[{"count":0,"href":"https:\/\/radio94fm.net\/site\/wp-json\/wp\/v2\/posts\/33549\/revisions"}],"wp:attachment":[{"href":"https:\/\/radio94fm.net\/site\/wp-json\/wp\/v2\/media?parent=33549"}],"wp:term":[{"taxonomy":"category","embeddable":true,"href":"https:\/\/radio94fm.net\/site\/wp-json\/wp\/v2\/categories?post=33549"},{"taxonomy":"post_tag","embeddable":true,"href":"https:\/\/radio94fm.net\/site\/wp-json\/wp\/v2\/tags?post=33549"}],"curies":[{"name":"wp","href":"https:\/\/api.w.org\/{rel}","templated":true}]}}