{"id":33511,"date":"2021-03-16T08:50:51","date_gmt":"2021-03-16T11:50:51","guid":{"rendered":"http:\/\/www.radio94fm.net\/site\/?p=33511"},"modified":"2021-03-16T08:50:51","modified_gmt":"2021-03-16T11:50:51","slug":"especialista-fala-sobre-sistema-de-faixas-etarias-para-vacinacao-contra-a-covid-19","status":"publish","type":"post","link":"https:\/\/radio94fm.net\/site\/especialista-fala-sobre-sistema-de-faixas-etarias-para-vacinacao-contra-a-covid-19\/","title":{"rendered":"Especialista fala sobre sistema de faixas et\u00e1rias para vacina\u00e7\u00e3o contra a covid-19"},"content":{"rendered":"<p><a href=\"https:\/\/www.radio94fm.net\/site\/wp-content\/uploads\/2020\/02\/FIQUE-POR-DENTRO-1.gif\"><img loading=\"lazy\" decoding=\"async\" class=\"size-full wp-image-32063 aligncenter\" src=\"https:\/\/www.radio94fm.net\/site\/wp-content\/uploads\/2020\/02\/FIQUE-POR-DENTRO-1.gif\" alt=\"\" width=\"604\" height=\"80\"><\/a><\/p>\n<p>&nbsp;<\/p>\n<p>&nbsp;<\/p>\n<p>&nbsp;<\/p>\n<p>&nbsp;<\/p>\n<p><a href=\"https:\/\/www.radio94fm.net\/site\/wp-content\/uploads\/2021\/02\/vaccine-5895477_640.jpg\"><img loading=\"lazy\" decoding=\"async\" class=\" wp-image-33147 aligncenter\" src=\"https:\/\/www.radio94fm.net\/site\/wp-content\/uploads\/2021\/02\/vaccine-5895477_640.jpg\" alt=\"\" width=\"540\" height=\"304\"><\/a><\/p>\n<p>&nbsp;<\/p>\n<p>&nbsp;<\/p>\n<p>&nbsp;<\/p>\n<p>&nbsp;<\/p>\n<p>A Anvisa liberou em janeiro o uso de vacinas contra a covid-19 no Brasil. Desde ent\u00e3o o pa\u00eds tem adotado o sistema de vacina\u00e7\u00e3o por faixa et\u00e1ria, que se iniciou pela imuniza\u00e7\u00e3o dos idosos com 90 anos ou mais. No entanto, n\u00e3o \u00e9 dif\u00edcil encontrar nas redes sociais pessoas que contestem essa metodologia, afirmando que aqueles que n\u00e3o puderam parar de trabalhar \u00e9 que deveriam ser priorizados.<\/p>\n<p>&nbsp;<\/p>\n<p>&nbsp;<\/p>\n<p>&nbsp;<\/p>\n<p>&nbsp;<\/p>\n<audio class=\"wp-audio-shortcode\" id=\"audio-33511-1\" preload=\"none\" style=\"width: 100%;\" controls=\"controls\"><source type=\"audio\/mpeg\" src=\"https:\/\/www.radio94fm.net\/site\/wp-content\/uploads\/2021\/03\/Especialista-fala-sobre-faixa-etarias-p-vacinacao-de-Covid19-online-audio-converter.com_.mp3?_=1\" \/><a href=\"https:\/\/www.radio94fm.net\/site\/wp-content\/uploads\/2021\/03\/Especialista-fala-sobre-faixa-etarias-p-vacinacao-de-Covid19-online-audio-converter.com_.mp3\">https:\/\/www.radio94fm.net\/site\/wp-content\/uploads\/2021\/03\/Especialista-fala-sobre-faixa-etarias-p-vacinacao-de-Covid19-online-audio-converter.com_.mp3<\/a><\/audio>\n<p>&nbsp;<\/p>\n<p>&nbsp;<\/p>\n<p>&nbsp;<\/p>\n<p>&nbsp;<\/p>\n<p>&nbsp;<\/p>\n<p><a href=\"https:\/\/www.radio94fm.net\/site\/wp-content\/uploads\/2020\/02\/FIQUE-POR-DENTRO-2-BANNER.gif\"><img loading=\"lazy\" decoding=\"async\" class=\"size-full wp-image-32065 aligncenter\" src=\"https:\/\/www.radio94fm.net\/site\/wp-content\/uploads\/2020\/02\/FIQUE-POR-DENTRO-2-BANNER.gif\" alt=\"\" width=\"604\" height=\"154\"><\/a><\/p>\n","protected":false},"excerpt":{"rendered":"<p>&nbsp; &nbsp; &nbsp; &nbsp; &nbsp; &nbsp; &nbsp; &nbsp; A Anvisa liberou em janeiro o uso de vacinas contra a covid-19 no Brasil. Desde ent\u00e3o o pa\u00eds tem adotado o sistema de vacina\u00e7\u00e3o por faixa et\u00e1ria, que se iniciou pela imuniza\u00e7\u00e3o dos idosos com 90 anos ou mais. No entanto, n\u00e3o \u00e9 dif\u00edcil encontrar nas redes&#8230;<\/p>\n","protected":false},"author":1,"featured_media":33147,"comment_status":"open","ping_status":"closed","sticky":false,"template":"","format":"standard","meta":{"ngg_post_thumbnail":0,"footnotes":""},"categories":[54],"tags":[],"class_list":["post-33511","post","type-post","status-publish","format-standard","has-post-thumbnail","hentry","category-fique-por-dentro","have-post-thumb"],"_links":{"self":[{"href":"https:\/\/radio94fm.net\/site\/wp-json\/wp\/v2\/posts\/33511","targetHints":{"allow":["GET"]}}],"collection":[{"href":"https:\/\/radio94fm.net\/site\/wp-json\/wp\/v2\/posts"}],"about":[{"href":"https:\/\/radio94fm.net\/site\/wp-json\/wp\/v2\/types\/post"}],"author":[{"embeddable":true,"href":"https:\/\/radio94fm.net\/site\/wp-json\/wp\/v2\/users\/1"}],"replies":[{"embeddable":true,"href":"https:\/\/radio94fm.net\/site\/wp-json\/wp\/v2\/comments?post=33511"}],"version-history":[{"count":0,"href":"https:\/\/radio94fm.net\/site\/wp-json\/wp\/v2\/posts\/33511\/revisions"}],"wp:attachment":[{"href":"https:\/\/radio94fm.net\/site\/wp-json\/wp\/v2\/media?parent=33511"}],"wp:term":[{"taxonomy":"category","embeddable":true,"href":"https:\/\/radio94fm.net\/site\/wp-json\/wp\/v2\/categories?post=33511"},{"taxonomy":"post_tag","embeddable":true,"href":"https:\/\/radio94fm.net\/site\/wp-json\/wp\/v2\/tags?post=33511"}],"curies":[{"name":"wp","href":"https:\/\/api.w.org\/{rel}","templated":true}]}}