{"id":33507,"date":"2021-03-16T08:42:04","date_gmt":"2021-03-16T11:42:04","guid":{"rendered":"http:\/\/www.radio94fm.net\/site\/?p=33507"},"modified":"2021-03-16T08:42:04","modified_gmt":"2021-03-16T11:42:04","slug":"vigilancia-em-saude-fala-sobre-acoes-que-estao-sendo-realizadas-em-combate-a-dengue-em-lavras","status":"publish","type":"post","link":"https:\/\/radio94fm.net\/site\/vigilancia-em-saude-fala-sobre-acoes-que-estao-sendo-realizadas-em-combate-a-dengue-em-lavras\/","title":{"rendered":"Vigil\u00e2ncia em Sa\u00fade fala sobre a\u00e7\u00f5es que est\u00e3o sendo realizadas em combate a dengue em Lavras"},"content":{"rendered":"<p><a href=\"https:\/\/www.radio94fm.net\/site\/wp-content\/uploads\/2020\/02\/FIQUE-POR-DENTRO-1.gif\"><img loading=\"lazy\" decoding=\"async\" class=\"size-full wp-image-32063 aligncenter\" src=\"https:\/\/www.radio94fm.net\/site\/wp-content\/uploads\/2020\/02\/FIQUE-POR-DENTRO-1.gif\" alt=\"\" width=\"604\" height=\"80\"><\/a><\/p>\n<p>&nbsp;<\/p>\n<p>&nbsp;<\/p>\n<p>&nbsp;<\/p>\n<p>&nbsp;<\/p>\n<p><a href=\"https:\/\/www.radio94fm.net\/site\/wp-content\/uploads\/2021\/03\/busy-2354419_640.jpg\"><img loading=\"lazy\" decoding=\"async\" class=\"size-full wp-image-33508 aligncenter\" src=\"https:\/\/www.radio94fm.net\/site\/wp-content\/uploads\/2021\/03\/busy-2354419_640.jpg\" alt=\"\" width=\"640\" height=\"526\"><\/a><\/p>\n<p>&nbsp;<\/p>\n<p>&nbsp;<\/p>\n<p>&nbsp;<\/p>\n<p>&nbsp;<\/p>\n<p>Em sua primeiras a\u00e7\u00f5es em combate a dengue em 2021, a Prefeitura Municipal de Lavras e a Vigil\u00e2ncia em Sa\u00fade, realizaram, na primeira semana deste m\u00eas, o segundo LIRAa, que \u00e9 o Levantamento de \u00cdndice R\u00e1pido do Aedes aegypti, onde se obt\u00e9m, de forma r\u00e1pida e segura, os \u00edndices de infesta\u00e7\u00e3o larv\u00e1ria em uma localidade.<\/p>\n<p>&nbsp;<\/p>\n<p>&nbsp;<\/p>\n<p>&nbsp;<\/p>\n<p>&nbsp;<\/p>\n<audio class=\"wp-audio-shortcode\" id=\"audio-33507-1\" preload=\"none\" style=\"width: 100%;\" controls=\"controls\"><source type=\"audio\/mpeg\" src=\"https:\/\/www.radio94fm.net\/site\/wp-content\/uploads\/2021\/03\/Vigilancia-em-saude-Combate-a-dengue-online-audio-converter.com_.mp3?_=1\" \/><a href=\"https:\/\/www.radio94fm.net\/site\/wp-content\/uploads\/2021\/03\/Vigilancia-em-saude-Combate-a-dengue-online-audio-converter.com_.mp3\">https:\/\/www.radio94fm.net\/site\/wp-content\/uploads\/2021\/03\/Vigilancia-em-saude-Combate-a-dengue-online-audio-converter.com_.mp3<\/a><\/audio>\n<p>&nbsp;<\/p>\n<p>&nbsp;<\/p>\n<p>&nbsp;<\/p>\n<p>&nbsp;<\/p>\n<p>&nbsp;<\/p>\n<p><a href=\"https:\/\/www.radio94fm.net\/site\/wp-content\/uploads\/2020\/02\/FIQUE-POR-DENTRO-2-BANNER.gif\"><img loading=\"lazy\" decoding=\"async\" class=\"size-full wp-image-32065 aligncenter\" src=\"https:\/\/www.radio94fm.net\/site\/wp-content\/uploads\/2020\/02\/FIQUE-POR-DENTRO-2-BANNER.gif\" alt=\"\" width=\"604\" height=\"154\"><\/a><\/p>\n","protected":false},"excerpt":{"rendered":"<p>&nbsp; &nbsp; &nbsp; &nbsp; &nbsp; &nbsp; &nbsp; &nbsp; Em sua primeiras a\u00e7\u00f5es em combate a dengue em 2021, a Prefeitura Municipal de Lavras e a Vigil\u00e2ncia em Sa\u00fade, realizaram, na primeira semana deste m\u00eas, o segundo LIRAa, que \u00e9 o Levantamento de \u00cdndice R\u00e1pido do Aedes aegypti, onde se obt\u00e9m, de forma r\u00e1pida e segura,&#8230;<\/p>\n","protected":false},"author":1,"featured_media":33508,"comment_status":"open","ping_status":"closed","sticky":false,"template":"","format":"standard","meta":{"ngg_post_thumbnail":0,"footnotes":""},"categories":[54],"tags":[],"class_list":["post-33507","post","type-post","status-publish","format-standard","has-post-thumbnail","hentry","category-fique-por-dentro","have-post-thumb"],"_links":{"self":[{"href":"https:\/\/radio94fm.net\/site\/wp-json\/wp\/v2\/posts\/33507","targetHints":{"allow":["GET"]}}],"collection":[{"href":"https:\/\/radio94fm.net\/site\/wp-json\/wp\/v2\/posts"}],"about":[{"href":"https:\/\/radio94fm.net\/site\/wp-json\/wp\/v2\/types\/post"}],"author":[{"embeddable":true,"href":"https:\/\/radio94fm.net\/site\/wp-json\/wp\/v2\/users\/1"}],"replies":[{"embeddable":true,"href":"https:\/\/radio94fm.net\/site\/wp-json\/wp\/v2\/comments?post=33507"}],"version-history":[{"count":0,"href":"https:\/\/radio94fm.net\/site\/wp-json\/wp\/v2\/posts\/33507\/revisions"}],"wp:attachment":[{"href":"https:\/\/radio94fm.net\/site\/wp-json\/wp\/v2\/media?parent=33507"}],"wp:term":[{"taxonomy":"category","embeddable":true,"href":"https:\/\/radio94fm.net\/site\/wp-json\/wp\/v2\/categories?post=33507"},{"taxonomy":"post_tag","embeddable":true,"href":"https:\/\/radio94fm.net\/site\/wp-json\/wp\/v2\/tags?post=33507"}],"curies":[{"name":"wp","href":"https:\/\/api.w.org\/{rel}","templated":true}]}}