{"id":33434,"date":"2021-03-08T21:04:15","date_gmt":"2021-03-09T00:04:15","guid":{"rendered":"http:\/\/www.radio94fm.net\/site\/?p=33434"},"modified":"2021-03-08T21:04:15","modified_gmt":"2021-03-09T00:04:15","slug":"40-anos-da-inclusao-da-mulher-na-policia-militar-de-minas-gerais","status":"publish","type":"post","link":"https:\/\/radio94fm.net\/site\/40-anos-da-inclusao-da-mulher-na-policia-militar-de-minas-gerais\/","title":{"rendered":"40 anos da inclus\u00e3o da mulher na Pol\u00edcia Militar de Minas Gerais"},"content":{"rendered":"<p><a href=\"https:\/\/www.radio94fm.net\/site\/wp-content\/uploads\/2020\/02\/FIQUE-POR-DENTRO-1.gif\"><img loading=\"lazy\" decoding=\"async\" class=\"size-full wp-image-32063 aligncenter\" src=\"https:\/\/www.radio94fm.net\/site\/wp-content\/uploads\/2020\/02\/FIQUE-POR-DENTRO-1.gif\" alt=\"\" width=\"604\" height=\"80\"><\/a><\/p>\n<p>&nbsp;<\/p>\n<p>&nbsp;<\/p>\n<p>&nbsp;<\/p>\n<p>&nbsp;<\/p>\n<p>&nbsp;<\/p>\n<p><a href=\"https:\/\/www.radio94fm.net\/site\/wp-content\/uploads\/2015\/05\/pm.png\"><img loading=\"lazy\" decoding=\"async\" class=\" wp-image-7851 aligncenter\" src=\"https:\/\/www.radio94fm.net\/site\/wp-content\/uploads\/2015\/05\/pm.png\" alt=\"\" width=\"288\" height=\"331\"><\/a><\/p>\n<p>&nbsp;<\/p>\n<p>&nbsp;<\/p>\n<p>&nbsp;<\/p>\n<p>&nbsp;<\/p>\n<p>Neste ano de 2021, a Pol\u00edcia Militar de Minas Gerais est\u00e1 comemorando os 40 anos de inclus\u00e3o da primeira turma de mulheres nas fileiras da corpora\u00e7\u00e3o. Um marco na hist\u00f3ria do Estado e um benef\u00edcio para toda sociedade. Ao longo dos anos, elas enfrentaram desafios, em um ambiente predominantemente masculino, e conseguiram conquistar e garantir espa\u00e7o para as mulheres.<\/p>\n<p>&nbsp;<\/p>\n<p>&nbsp;<\/p>\n<p>&nbsp;<\/p>\n<audio class=\"wp-audio-shortcode\" id=\"audio-33434-1\" preload=\"none\" style=\"width: 100%;\" controls=\"controls\"><source type=\"audio\/mpeg\" src=\"https:\/\/www.radio94fm.net\/site\/wp-content\/uploads\/2021\/03\/40-anos-mulher-na-PMMG-online-audio-converter.com_.mp3?_=1\" \/><a href=\"https:\/\/www.radio94fm.net\/site\/wp-content\/uploads\/2021\/03\/40-anos-mulher-na-PMMG-online-audio-converter.com_.mp3\">https:\/\/www.radio94fm.net\/site\/wp-content\/uploads\/2021\/03\/40-anos-mulher-na-PMMG-online-audio-converter.com_.mp3<\/a><\/audio>\n<p>&nbsp;<\/p>\n<p>&nbsp;<\/p>\n<p>&nbsp;<\/p>\n<p>&nbsp;<\/p>\n<p>&nbsp;<\/p>\n<p><a href=\"https:\/\/www.radio94fm.net\/site\/wp-content\/uploads\/2020\/02\/FIQUE-POR-DENTRO-2-BANNER.gif\"><img loading=\"lazy\" decoding=\"async\" class=\"size-full wp-image-32065 aligncenter\" src=\"https:\/\/www.radio94fm.net\/site\/wp-content\/uploads\/2020\/02\/FIQUE-POR-DENTRO-2-BANNER.gif\" alt=\"\" width=\"604\" height=\"154\"><\/a><\/p>\n","protected":false},"excerpt":{"rendered":"<p>&nbsp; &nbsp; &nbsp; &nbsp; &nbsp; &nbsp; &nbsp; &nbsp; &nbsp; Neste ano de 2021, a Pol\u00edcia Militar de Minas Gerais est\u00e1 comemorando os 40 anos de inclus\u00e3o da primeira turma de mulheres nas fileiras da corpora\u00e7\u00e3o. Um marco na hist\u00f3ria do Estado e um benef\u00edcio para toda sociedade. Ao longo dos anos, elas enfrentaram desafios, em&#8230;<\/p>\n","protected":false},"author":1,"featured_media":7851,"comment_status":"open","ping_status":"closed","sticky":false,"template":"","format":"standard","meta":{"ngg_post_thumbnail":0,"footnotes":""},"categories":[54],"tags":[],"class_list":["post-33434","post","type-post","status-publish","format-standard","has-post-thumbnail","hentry","category-fique-por-dentro","have-post-thumb"],"_links":{"self":[{"href":"https:\/\/radio94fm.net\/site\/wp-json\/wp\/v2\/posts\/33434","targetHints":{"allow":["GET"]}}],"collection":[{"href":"https:\/\/radio94fm.net\/site\/wp-json\/wp\/v2\/posts"}],"about":[{"href":"https:\/\/radio94fm.net\/site\/wp-json\/wp\/v2\/types\/post"}],"author":[{"embeddable":true,"href":"https:\/\/radio94fm.net\/site\/wp-json\/wp\/v2\/users\/1"}],"replies":[{"embeddable":true,"href":"https:\/\/radio94fm.net\/site\/wp-json\/wp\/v2\/comments?post=33434"}],"version-history":[{"count":0,"href":"https:\/\/radio94fm.net\/site\/wp-json\/wp\/v2\/posts\/33434\/revisions"}],"wp:attachment":[{"href":"https:\/\/radio94fm.net\/site\/wp-json\/wp\/v2\/media?parent=33434"}],"wp:term":[{"taxonomy":"category","embeddable":true,"href":"https:\/\/radio94fm.net\/site\/wp-json\/wp\/v2\/categories?post=33434"},{"taxonomy":"post_tag","embeddable":true,"href":"https:\/\/radio94fm.net\/site\/wp-json\/wp\/v2\/tags?post=33434"}],"curies":[{"name":"wp","href":"https:\/\/api.w.org\/{rel}","templated":true}]}}