{"id":33424,"date":"2021-03-06T18:31:00","date_gmt":"2021-03-06T21:31:00","guid":{"rendered":"http:\/\/www.radio94fm.net\/site\/?p=33424"},"modified":"2021-03-06T18:31:00","modified_gmt":"2021-03-06T21:31:00","slug":"corpo-de-bombeiros-iniciam-operacao-alerta-verde","status":"publish","type":"post","link":"https:\/\/radio94fm.net\/site\/corpo-de-bombeiros-iniciam-operacao-alerta-verde\/","title":{"rendered":"Corpo de Bombeiros inicia Opera\u00e7\u00e3o Alerta Verde"},"content":{"rendered":"<p><a href=\"https:\/\/www.radio94fm.net\/site\/wp-content\/uploads\/2020\/02\/FIQUE-POR-DENTRO-1.gif\"><img loading=\"lazy\" decoding=\"async\" class=\"size-full wp-image-32063 aligncenter\" src=\"https:\/\/www.radio94fm.net\/site\/wp-content\/uploads\/2020\/02\/FIQUE-POR-DENTRO-1.gif\" alt=\"\" width=\"604\" height=\"80\"><\/a><\/p>\n<p>&nbsp;<\/p>\n<p>&nbsp;<\/p>\n<p>&nbsp;<\/p>\n<p>&nbsp;<\/p>\n<p><a href=\"https:\/\/www.radio94fm.net\/site\/wp-content\/uploads\/2021\/01\/Brasao_CBM_MG.png\"><img loading=\"lazy\" decoding=\"async\" class=\"size-full wp-image-33012 aligncenter\" src=\"https:\/\/www.radio94fm.net\/site\/wp-content\/uploads\/2021\/01\/Brasao_CBM_MG.png\" alt=\"\" width=\"325\" height=\"325\"><\/a><\/p>\n<p>&nbsp;<\/p>\n<p>&nbsp;<\/p>\n<p>&nbsp;<\/p>\n<p>&nbsp;<\/p>\n<p>Na ter\u00e7a-feira (2), o Corpo de Bombeiros Militar de Minas Gerais (CBMMG), atrav\u00e9s dos comandos operacionais, iniciou a Opera\u00e7\u00e3o Alerta Verde. Durante todo m\u00eas de mar\u00e7o, per\u00edodo de pr\u00e9-estiagem, a\u00e7\u00f5es preventivas ser\u00e3o realizadas com o objetivo de diminuir as ocorr\u00eancias de inc\u00eandios na \u00e9poca de seca.<\/p>\n<p>&nbsp;<\/p>\n<p>&nbsp;<\/p>\n<p>&nbsp;<\/p>\n<audio class=\"wp-audio-shortcode\" id=\"audio-33424-1\" preload=\"none\" style=\"width: 100%;\" controls=\"controls\"><source type=\"audio\/mpeg\" src=\"https:\/\/www.radio94fm.net\/site\/wp-content\/uploads\/2021\/03\/Operacao-Alerta-Verde-online-audio-converter.com_.mp3?_=1\" \/><a href=\"https:\/\/www.radio94fm.net\/site\/wp-content\/uploads\/2021\/03\/Operacao-Alerta-Verde-online-audio-converter.com_.mp3\">https:\/\/www.radio94fm.net\/site\/wp-content\/uploads\/2021\/03\/Operacao-Alerta-Verde-online-audio-converter.com_.mp3<\/a><\/audio>\n<p>&nbsp;<\/p>\n<p>&nbsp;<\/p>\n<p>&nbsp;<\/p>\n<p>&nbsp;<\/p>\n<p>&nbsp;<\/p>\n<p><a href=\"https:\/\/www.radio94fm.net\/site\/wp-content\/uploads\/2020\/02\/FIQUE-POR-DENTRO-2-BANNER.gif\"><img loading=\"lazy\" decoding=\"async\" class=\"size-full wp-image-32065 aligncenter\" src=\"https:\/\/www.radio94fm.net\/site\/wp-content\/uploads\/2020\/02\/FIQUE-POR-DENTRO-2-BANNER.gif\" alt=\"\" width=\"604\" height=\"154\"><\/a><\/p>\n","protected":false},"excerpt":{"rendered":"<p>&nbsp; &nbsp; &nbsp; &nbsp; &nbsp; &nbsp; &nbsp; &nbsp; Na ter\u00e7a-feira (2), o Corpo de Bombeiros Militar de Minas Gerais (CBMMG), atrav\u00e9s dos comandos operacionais, iniciou a Opera\u00e7\u00e3o Alerta Verde. Durante todo m\u00eas de mar\u00e7o, per\u00edodo de pr\u00e9-estiagem, a\u00e7\u00f5es preventivas ser\u00e3o realizadas com o objetivo de diminuir as ocorr\u00eancias de inc\u00eandios na \u00e9poca de seca. &nbsp;&#8230;<\/p>\n","protected":false},"author":1,"featured_media":33012,"comment_status":"open","ping_status":"closed","sticky":false,"template":"","format":"standard","meta":{"ngg_post_thumbnail":0,"footnotes":""},"categories":[54],"tags":[],"class_list":["post-33424","post","type-post","status-publish","format-standard","has-post-thumbnail","hentry","category-fique-por-dentro","have-post-thumb"],"_links":{"self":[{"href":"https:\/\/radio94fm.net\/site\/wp-json\/wp\/v2\/posts\/33424","targetHints":{"allow":["GET"]}}],"collection":[{"href":"https:\/\/radio94fm.net\/site\/wp-json\/wp\/v2\/posts"}],"about":[{"href":"https:\/\/radio94fm.net\/site\/wp-json\/wp\/v2\/types\/post"}],"author":[{"embeddable":true,"href":"https:\/\/radio94fm.net\/site\/wp-json\/wp\/v2\/users\/1"}],"replies":[{"embeddable":true,"href":"https:\/\/radio94fm.net\/site\/wp-json\/wp\/v2\/comments?post=33424"}],"version-history":[{"count":0,"href":"https:\/\/radio94fm.net\/site\/wp-json\/wp\/v2\/posts\/33424\/revisions"}],"wp:attachment":[{"href":"https:\/\/radio94fm.net\/site\/wp-json\/wp\/v2\/media?parent=33424"}],"wp:term":[{"taxonomy":"category","embeddable":true,"href":"https:\/\/radio94fm.net\/site\/wp-json\/wp\/v2\/categories?post=33424"},{"taxonomy":"post_tag","embeddable":true,"href":"https:\/\/radio94fm.net\/site\/wp-json\/wp\/v2\/tags?post=33424"}],"curies":[{"name":"wp","href":"https:\/\/api.w.org\/{rel}","templated":true}]}}