{"id":33374,"date":"2021-03-02T21:52:54","date_gmt":"2021-03-03T00:52:54","guid":{"rendered":"http:\/\/www.radio94fm.net\/site\/?p=33374"},"modified":"2021-03-02T21:52:54","modified_gmt":"2021-03-03T00:52:54","slug":"comunidade-de-sao-jose-tera-festa-em-honra-a-seu-padroeiro","status":"publish","type":"post","link":"https:\/\/radio94fm.net\/site\/comunidade-de-sao-jose-tera-festa-em-honra-a-seu-padroeiro\/","title":{"rendered":"Comunidade de S\u00e3o Jos\u00e9 ter\u00e1 festa em honra a seu padroeiro"},"content":{"rendered":"<p><a href=\"https:\/\/www.radio94fm.net\/site\/wp-content\/uploads\/2020\/02\/FIQUE-POR-DENTRO-1.gif\"><img loading=\"lazy\" decoding=\"async\" class=\"size-full wp-image-32063 aligncenter\" src=\"https:\/\/www.radio94fm.net\/site\/wp-content\/uploads\/2020\/02\/FIQUE-POR-DENTRO-1.gif\" alt=\"\" width=\"604\" height=\"80\"><\/a><\/p>\n<p>&nbsp;<\/p>\n<p>&nbsp;<\/p>\n<p>&nbsp;<\/p>\n<p><a href=\"https:\/\/www.radio94fm.net\/site\/wp-content\/uploads\/2021\/03\/sao-jose-5886431_640.jpg\"><img loading=\"lazy\" decoding=\"async\" class=\" wp-image-33375 aligncenter\" src=\"https:\/\/www.radio94fm.net\/site\/wp-content\/uploads\/2021\/03\/sao-jose-5886431_640.jpg\" alt=\"\" width=\"349\" height=\"540\"><\/a><\/p>\n<p>&nbsp;<\/p>\n<p>&nbsp;<\/p>\n<p>&nbsp;<\/p>\n<p>&nbsp;<\/p>\n<p>O Lar Augusto Silva, que \u00e9 o Asilo de Lavras, vai comemorar entre os dias 16 a 19 deste m\u00eas, a tradicional festa de S\u00e3o Jos\u00e9, padroeiro da institui\u00e7\u00e3o. Este ano apesar das circunstancias \u00e9 um ano muito especial para a Comunidade, pois o Papa Francisco em comemora\u00e7\u00e3o aos 150 anos da proclama\u00e7\u00e3o de S\u00e3o Jos\u00e9 como guardi\u00e3o universal da Igreja, convocou o \u201cAno de S\u00e3o Jos\u00e9\u201d atrav\u00e9s da Carta Apost\u00f3lica Patris Corde- \u201cCora\u00e7\u00e3o de Pai\u201d.<\/p>\n<p>&nbsp;<\/p>\n<p>&nbsp;<\/p>\n<p>&nbsp;<\/p>\n<audio class=\"wp-audio-shortcode\" id=\"audio-33374-1\" preload=\"none\" style=\"width: 100%;\" controls=\"controls\"><source type=\"audio\/mpeg\" src=\"https:\/\/www.radio94fm.net\/site\/wp-content\/uploads\/2021\/03\/Comunidade-Sao-Jose-festa-online-audio-converter.com_.mp3?_=1\" \/><a href=\"https:\/\/www.radio94fm.net\/site\/wp-content\/uploads\/2021\/03\/Comunidade-Sao-Jose-festa-online-audio-converter.com_.mp3\">https:\/\/www.radio94fm.net\/site\/wp-content\/uploads\/2021\/03\/Comunidade-Sao-Jose-festa-online-audio-converter.com_.mp3<\/a><\/audio>\n<p>&nbsp;<\/p>\n<p>&nbsp;<\/p>\n<p>&nbsp;<\/p>\n<p>&nbsp;<\/p>\n<p><a href=\"https:\/\/www.radio94fm.net\/site\/wp-content\/uploads\/2020\/02\/FIQUE-POR-DENTRO-2-BANNER.gif\"><img loading=\"lazy\" decoding=\"async\" class=\"size-full wp-image-32065 aligncenter\" src=\"https:\/\/www.radio94fm.net\/site\/wp-content\/uploads\/2020\/02\/FIQUE-POR-DENTRO-2-BANNER.gif\" alt=\"\" width=\"604\" height=\"154\"><\/a><\/p>\n","protected":false},"excerpt":{"rendered":"<p>&nbsp; &nbsp; &nbsp; &nbsp; &nbsp; &nbsp; &nbsp; O Lar Augusto Silva, que \u00e9 o Asilo de Lavras, vai comemorar entre os dias 16 a 19 deste m\u00eas, a tradicional festa de S\u00e3o Jos\u00e9, padroeiro da institui\u00e7\u00e3o. Este ano apesar das circunstancias \u00e9 um ano muito especial para a Comunidade, pois o Papa Francisco em comemora\u00e7\u00e3o&#8230;<\/p>\n","protected":false},"author":1,"featured_media":30153,"comment_status":"open","ping_status":"closed","sticky":false,"template":"","format":"standard","meta":{"ngg_post_thumbnail":0,"footnotes":""},"categories":[54],"tags":[],"class_list":["post-33374","post","type-post","status-publish","format-standard","has-post-thumbnail","hentry","category-fique-por-dentro","have-post-thumb"],"_links":{"self":[{"href":"https:\/\/radio94fm.net\/site\/wp-json\/wp\/v2\/posts\/33374","targetHints":{"allow":["GET"]}}],"collection":[{"href":"https:\/\/radio94fm.net\/site\/wp-json\/wp\/v2\/posts"}],"about":[{"href":"https:\/\/radio94fm.net\/site\/wp-json\/wp\/v2\/types\/post"}],"author":[{"embeddable":true,"href":"https:\/\/radio94fm.net\/site\/wp-json\/wp\/v2\/users\/1"}],"replies":[{"embeddable":true,"href":"https:\/\/radio94fm.net\/site\/wp-json\/wp\/v2\/comments?post=33374"}],"version-history":[{"count":0,"href":"https:\/\/radio94fm.net\/site\/wp-json\/wp\/v2\/posts\/33374\/revisions"}],"wp:attachment":[{"href":"https:\/\/radio94fm.net\/site\/wp-json\/wp\/v2\/media?parent=33374"}],"wp:term":[{"taxonomy":"category","embeddable":true,"href":"https:\/\/radio94fm.net\/site\/wp-json\/wp\/v2\/categories?post=33374"},{"taxonomy":"post_tag","embeddable":true,"href":"https:\/\/radio94fm.net\/site\/wp-json\/wp\/v2\/tags?post=33374"}],"curies":[{"name":"wp","href":"https:\/\/api.w.org\/{rel}","templated":true}]}}