{"id":33323,"date":"2021-02-25T20:58:36","date_gmt":"2021-02-25T23:58:36","guid":{"rendered":"http:\/\/www.radio94fm.net\/site\/?p=33323"},"modified":"2021-02-25T20:58:36","modified_gmt":"2021-02-25T23:58:36","slug":"tiro-de-guerra-faz-parceria-com-secretaria-municipal-de-educacao","status":"publish","type":"post","link":"https:\/\/radio94fm.net\/site\/tiro-de-guerra-faz-parceria-com-secretaria-municipal-de-educacao\/","title":{"rendered":"Tiro de Guerra faz parceria com Secret\u00e1ria Municipal de Educa\u00e7\u00e3o"},"content":{"rendered":"<p><a href=\"https:\/\/www.radio94fm.net\/site\/wp-content\/uploads\/2020\/02\/FIQUE-POR-DENTRO-1.gif\"><img loading=\"lazy\" decoding=\"async\" class=\"size-full wp-image-32063 aligncenter\" src=\"https:\/\/www.radio94fm.net\/site\/wp-content\/uploads\/2020\/02\/FIQUE-POR-DENTRO-1.gif\" alt=\"\" width=\"604\" height=\"80\"><\/a><\/p>\n<p>&nbsp;<\/p>\n<p>&nbsp;<\/p>\n<p>&nbsp;<\/p>\n<p><a href=\"https:\/\/www.radio94fm.net\/site\/wp-content\/uploads\/2020\/01\/images-1.jpg\"><img loading=\"lazy\" decoding=\"async\" class=\" wp-image-31728 aligncenter\" src=\"https:\/\/www.radio94fm.net\/site\/wp-content\/uploads\/2020\/01\/images-1.jpg\" alt=\"\" width=\"430\" height=\"200\"><\/a><\/p>\n<p>&nbsp;<\/p>\n<p>&nbsp;<\/p>\n<p>O encontro que aconteceu dia 17 de fevereiro, com a presen\u00e7a da Secret\u00e1ria Municipal de Educa\u00e7\u00e3o, Maria Helena de Abreu Pereira, do Chefe de Instru\u00e7\u00e3o do Tiro de Guerra, Sub-Tenente Neves e do Instrutor, Sargento Augusto. Teve como objetivo a apresenta\u00e7\u00e3o de projetos desenvolvidos pelo Tiro de Guerra e a proposta de parcerias entre as duas institui\u00e7\u00f5es em benef\u00edcio da sociedade.<\/p>\n<p>&nbsp;<\/p>\n<p>&nbsp;<\/p>\n<p>&nbsp;<\/p>\n<audio class=\"wp-audio-shortcode\" id=\"audio-33323-1\" preload=\"none\" style=\"width: 100%;\" controls=\"controls\"><source type=\"audio\/mpeg\" src=\"https:\/\/www.radio94fm.net\/site\/wp-content\/uploads\/2021\/02\/Tiro-de-Guerra-parceria-com-Secretaria-da-Educacao-online-audio-converter.com_.mp3?_=1\" \/><a href=\"https:\/\/www.radio94fm.net\/site\/wp-content\/uploads\/2021\/02\/Tiro-de-Guerra-parceria-com-Secretaria-da-Educacao-online-audio-converter.com_.mp3\">https:\/\/www.radio94fm.net\/site\/wp-content\/uploads\/2021\/02\/Tiro-de-Guerra-parceria-com-Secretaria-da-Educacao-online-audio-converter.com_.mp3<\/a><\/audio>\n<p>&nbsp;<\/p>\n<p>&nbsp;<\/p>\n<p>&nbsp;<\/p>\n<p>&nbsp;<\/p>\n<p>&nbsp;<\/p>\n<p><a href=\"https:\/\/www.radio94fm.net\/site\/wp-content\/uploads\/2020\/02\/FIQUE-POR-DENTRO-2-BANNER.gif\"><img loading=\"lazy\" decoding=\"async\" class=\"size-full wp-image-32065 aligncenter\" src=\"https:\/\/www.radio94fm.net\/site\/wp-content\/uploads\/2020\/02\/FIQUE-POR-DENTRO-2-BANNER.gif\" alt=\"\" width=\"604\" height=\"154\"><\/a><\/p>\n","protected":false},"excerpt":{"rendered":"<p>&nbsp; &nbsp; &nbsp; &nbsp; &nbsp; O encontro que aconteceu dia 17 de fevereiro, com a presen\u00e7a da Secret\u00e1ria Municipal de Educa\u00e7\u00e3o, Maria Helena de Abreu Pereira, do Chefe de Instru\u00e7\u00e3o do Tiro de Guerra, Sub-Tenente Neves e do Instrutor, Sargento Augusto. Teve como objetivo a apresenta\u00e7\u00e3o de projetos desenvolvidos pelo Tiro de Guerra e a&#8230;<\/p>\n","protected":false},"author":1,"featured_media":31728,"comment_status":"open","ping_status":"closed","sticky":false,"template":"","format":"standard","meta":{"ngg_post_thumbnail":0,"footnotes":""},"categories":[54],"tags":[],"class_list":["post-33323","post","type-post","status-publish","format-standard","has-post-thumbnail","hentry","category-fique-por-dentro","have-post-thumb"],"_links":{"self":[{"href":"https:\/\/radio94fm.net\/site\/wp-json\/wp\/v2\/posts\/33323","targetHints":{"allow":["GET"]}}],"collection":[{"href":"https:\/\/radio94fm.net\/site\/wp-json\/wp\/v2\/posts"}],"about":[{"href":"https:\/\/radio94fm.net\/site\/wp-json\/wp\/v2\/types\/post"}],"author":[{"embeddable":true,"href":"https:\/\/radio94fm.net\/site\/wp-json\/wp\/v2\/users\/1"}],"replies":[{"embeddable":true,"href":"https:\/\/radio94fm.net\/site\/wp-json\/wp\/v2\/comments?post=33323"}],"version-history":[{"count":0,"href":"https:\/\/radio94fm.net\/site\/wp-json\/wp\/v2\/posts\/33323\/revisions"}],"wp:attachment":[{"href":"https:\/\/radio94fm.net\/site\/wp-json\/wp\/v2\/media?parent=33323"}],"wp:term":[{"taxonomy":"category","embeddable":true,"href":"https:\/\/radio94fm.net\/site\/wp-json\/wp\/v2\/categories?post=33323"},{"taxonomy":"post_tag","embeddable":true,"href":"https:\/\/radio94fm.net\/site\/wp-json\/wp\/v2\/tags?post=33323"}],"curies":[{"name":"wp","href":"https:\/\/api.w.org\/{rel}","templated":true}]}}