{"id":33242,"date":"2021-02-14T21:36:06","date_gmt":"2021-02-15T00:36:06","guid":{"rendered":"http:\/\/www.radio94fm.net\/site\/?p=33242"},"modified":"2021-02-14T21:36:06","modified_gmt":"2021-02-15T00:36:06","slug":"prefeitura-de-lavras-desenvolve-projeto-de-arborizacao-no-municipio","status":"publish","type":"post","link":"https:\/\/radio94fm.net\/site\/prefeitura-de-lavras-desenvolve-projeto-de-arborizacao-no-municipio\/","title":{"rendered":"Prefeitura de Lavras desenvolve projeto de arboriza\u00e7\u00e3o no munic\u00edpio"},"content":{"rendered":"<p><a href=\"https:\/\/www.radio94fm.net\/site\/wp-content\/uploads\/2020\/02\/FIQUE-POR-DENTRO-1.gif\"><img loading=\"lazy\" decoding=\"async\" class=\"size-full wp-image-32063 aligncenter\" src=\"https:\/\/www.radio94fm.net\/site\/wp-content\/uploads\/2020\/02\/FIQUE-POR-DENTRO-1.gif\" alt=\"\" width=\"604\" height=\"80\"><\/a><\/p>\n<p>&nbsp;<\/p>\n<p>&nbsp;<\/p>\n<p>&nbsp;<\/p>\n<p><a href=\"https:\/\/www.radio94fm.net\/site\/wp-content\/uploads\/2021\/02\/environmental-protection-683437_640.jpg\"><img loading=\"lazy\" decoding=\"async\" class=\" wp-image-33243 aligncenter\" src=\"https:\/\/www.radio94fm.net\/site\/wp-content\/uploads\/2021\/02\/environmental-protection-683437_640.jpg\" alt=\"\" width=\"540\" height=\"304\"><\/a><\/p>\n<p>&nbsp;<\/p>\n<p>&nbsp;<\/p>\n<p>&nbsp;<\/p>\n<p>A prefeitura municipal de Lavras atrav\u00e9s da Secret\u00e1ria do Meio Ambiente v\u00eam desenvolvendo alguns projetos relacionados a arboriza\u00e7\u00e3o do munic\u00edpio. Durante os \u00faltimos anos houve coleta de dados, em diversos bairros da cidade com o objetivo de criar condi\u00e7\u00f5es para o planejamento, implanta\u00e7\u00e3o e manuten\u00e7\u00e3o da arboriza\u00e7\u00e3o. As informa\u00e7\u00f5es coletadas posteriormente foram inventariadas para que a partir desse material projetos possam ser desenvolvidos.<\/p>\n<p>&nbsp;<\/p>\n<p>&nbsp;<\/p>\n<p>&nbsp;<\/p>\n<p>&nbsp;<\/p>\n<audio class=\"wp-audio-shortcode\" id=\"audio-33242-1\" preload=\"none\" style=\"width: 100%;\" controls=\"controls\"><source type=\"audio\/mpeg\" src=\"https:\/\/www.radio94fm.net\/site\/wp-content\/uploads\/2021\/02\/Projeto-de-Arborizacao-Lavras-online-audio-converter.com_.mp3?_=1\" \/><a href=\"https:\/\/www.radio94fm.net\/site\/wp-content\/uploads\/2021\/02\/Projeto-de-Arborizacao-Lavras-online-audio-converter.com_.mp3\">https:\/\/www.radio94fm.net\/site\/wp-content\/uploads\/2021\/02\/Projeto-de-Arborizacao-Lavras-online-audio-converter.com_.mp3<\/a><\/audio>\n<p>&nbsp;<\/p>\n<p>&nbsp;<\/p>\n<p>&nbsp;<\/p>\n<p>&nbsp;<\/p>\n<p><a href=\"https:\/\/www.radio94fm.net\/site\/wp-content\/uploads\/2020\/02\/FIQUE-POR-DENTRO-2-BANNER.gif\"><img loading=\"lazy\" decoding=\"async\" class=\"size-full wp-image-32065 aligncenter\" src=\"https:\/\/www.radio94fm.net\/site\/wp-content\/uploads\/2020\/02\/FIQUE-POR-DENTRO-2-BANNER.gif\" alt=\"\" width=\"604\" height=\"154\"><\/a><\/p>\n","protected":false},"excerpt":{"rendered":"<p>&nbsp; &nbsp; &nbsp; &nbsp; &nbsp; &nbsp; A prefeitura municipal de Lavras atrav\u00e9s da Secret\u00e1ria do Meio Ambiente v\u00eam desenvolvendo alguns projetos relacionados a arboriza\u00e7\u00e3o do munic\u00edpio. Durante os \u00faltimos anos houve coleta de dados, em diversos bairros da cidade com o objetivo de criar condi\u00e7\u00f5es para o planejamento, implanta\u00e7\u00e3o e manuten\u00e7\u00e3o da arboriza\u00e7\u00e3o. As informa\u00e7\u00f5es&#8230;<\/p>\n","protected":false},"author":1,"featured_media":33243,"comment_status":"open","ping_status":"closed","sticky":false,"template":"","format":"standard","meta":{"ngg_post_thumbnail":0,"footnotes":""},"categories":[54],"tags":[],"class_list":["post-33242","post","type-post","status-publish","format-standard","has-post-thumbnail","hentry","category-fique-por-dentro","have-post-thumb"],"_links":{"self":[{"href":"https:\/\/radio94fm.net\/site\/wp-json\/wp\/v2\/posts\/33242","targetHints":{"allow":["GET"]}}],"collection":[{"href":"https:\/\/radio94fm.net\/site\/wp-json\/wp\/v2\/posts"}],"about":[{"href":"https:\/\/radio94fm.net\/site\/wp-json\/wp\/v2\/types\/post"}],"author":[{"embeddable":true,"href":"https:\/\/radio94fm.net\/site\/wp-json\/wp\/v2\/users\/1"}],"replies":[{"embeddable":true,"href":"https:\/\/radio94fm.net\/site\/wp-json\/wp\/v2\/comments?post=33242"}],"version-history":[{"count":0,"href":"https:\/\/radio94fm.net\/site\/wp-json\/wp\/v2\/posts\/33242\/revisions"}],"wp:attachment":[{"href":"https:\/\/radio94fm.net\/site\/wp-json\/wp\/v2\/media?parent=33242"}],"wp:term":[{"taxonomy":"category","embeddable":true,"href":"https:\/\/radio94fm.net\/site\/wp-json\/wp\/v2\/categories?post=33242"},{"taxonomy":"post_tag","embeddable":true,"href":"https:\/\/radio94fm.net\/site\/wp-json\/wp\/v2\/tags?post=33242"}],"curies":[{"name":"wp","href":"https:\/\/api.w.org\/{rel}","templated":true}]}}