{"id":33211,"date":"2021-02-11T16:50:08","date_gmt":"2021-02-11T19:50:08","guid":{"rendered":"http:\/\/www.radio94fm.net\/site\/?p=33211"},"modified":"2021-02-11T16:50:08","modified_gmt":"2021-02-11T19:50:08","slug":"nao-adesao-a-vacina-ou-ao-uso-de-mascara-no-ambiente-de-trabalho-pode-levar-a-demissao-por-justa-causa","status":"publish","type":"post","link":"https:\/\/radio94fm.net\/site\/nao-adesao-a-vacina-ou-ao-uso-de-mascara-no-ambiente-de-trabalho-pode-levar-a-demissao-por-justa-causa\/","title":{"rendered":"N\u00e3o ades\u00e3o \u00e0 vacina ou ao uso de m\u00e1scara no ambiente de trabalho pode levar \u00e0 demiss\u00e3o por justa causa"},"content":{"rendered":"<p><a href=\"https:\/\/www.radio94fm.net\/site\/wp-content\/uploads\/2020\/02\/FIQUE-POR-DENTRO-1.gif\"><img loading=\"lazy\" decoding=\"async\" class=\"size-full wp-image-32063 aligncenter\" src=\"https:\/\/www.radio94fm.net\/site\/wp-content\/uploads\/2020\/02\/FIQUE-POR-DENTRO-1.gif\" alt=\"\" width=\"604\" height=\"80\"><\/a><\/p>\n<p>&nbsp;<\/p>\n<p>&nbsp;<\/p>\n<p>&nbsp;<\/p>\n<p><a href=\"https:\/\/www.radio94fm.net\/site\/wp-content\/uploads\/2021\/02\/mask-4898571_640.jpg\"><img loading=\"lazy\" decoding=\"async\" class=\"wp-image-33213 aligncenter\" src=\"https:\/\/www.radio94fm.net\/site\/wp-content\/uploads\/2021\/02\/mask-4898571_640.jpg\" alt=\"\" width=\"540\" height=\"360\"><\/a><\/p>\n<p>&nbsp;<\/p>\n<p>&nbsp;<\/p>\n<p>&nbsp;<\/p>\n<p>&nbsp;<\/p>\n<p>A vacina\u00e7\u00e3o contra a covid-19 j\u00e1 est\u00e1 a pleno vapor no pa\u00eds. Apesar de o Governo Federal ter dito que a vacina n\u00e3o ser\u00e1 obrigat\u00f3ria, especialistas em direito trabalhista dizem que os trabalhadores que n\u00e3o forem imunizados poder\u00e3o ser advertidos e at\u00e9 demitidos por justa causa.<\/p>\n<p>&nbsp;<\/p>\n<p>&nbsp;<\/p>\n<p>&nbsp;<\/p>\n<audio class=\"wp-audio-shortcode\" id=\"audio-33211-1\" preload=\"none\" style=\"width: 100%;\" controls=\"controls\"><source type=\"audio\/mpeg\" src=\"https:\/\/www.radio94fm.net\/site\/wp-content\/uploads\/2021\/02\/Nao-adesao-a-vacina-online-audio-converter.com_.mp3?_=1\" \/><a href=\"https:\/\/www.radio94fm.net\/site\/wp-content\/uploads\/2021\/02\/Nao-adesao-a-vacina-online-audio-converter.com_.mp3\">https:\/\/www.radio94fm.net\/site\/wp-content\/uploads\/2021\/02\/Nao-adesao-a-vacina-online-audio-converter.com_.mp3<\/a><\/audio>\n<p>&nbsp;<\/p>\n<p>&nbsp;<\/p>\n<p>&nbsp;<\/p>\n<p>&nbsp;<\/p>\n<p>&nbsp;<\/p>\n<p><a href=\"https:\/\/www.radio94fm.net\/site\/wp-content\/uploads\/2020\/02\/FIQUE-POR-DENTRO-2-BANNER.gif\"><img loading=\"lazy\" decoding=\"async\" class=\"size-full wp-image-32065 aligncenter\" src=\"https:\/\/www.radio94fm.net\/site\/wp-content\/uploads\/2020\/02\/FIQUE-POR-DENTRO-2-BANNER.gif\" alt=\"\" width=\"604\" height=\"154\"><\/a><\/p>\n","protected":false},"excerpt":{"rendered":"<p>&nbsp; &nbsp; &nbsp; &nbsp; &nbsp; &nbsp; &nbsp; A vacina\u00e7\u00e3o contra a covid-19 j\u00e1 est\u00e1 a pleno vapor no pa\u00eds. Apesar de o Governo Federal ter dito que a vacina n\u00e3o ser\u00e1 obrigat\u00f3ria, especialistas em direito trabalhista dizem que os trabalhadores que n\u00e3o forem imunizados poder\u00e3o ser advertidos e at\u00e9 demitidos por justa causa. &nbsp; &nbsp;&#8230;<\/p>\n","protected":false},"author":1,"featured_media":33213,"comment_status":"open","ping_status":"closed","sticky":false,"template":"","format":"standard","meta":{"ngg_post_thumbnail":0,"footnotes":""},"categories":[54],"tags":[],"class_list":["post-33211","post","type-post","status-publish","format-standard","has-post-thumbnail","hentry","category-fique-por-dentro","have-post-thumb"],"_links":{"self":[{"href":"https:\/\/radio94fm.net\/site\/wp-json\/wp\/v2\/posts\/33211","targetHints":{"allow":["GET"]}}],"collection":[{"href":"https:\/\/radio94fm.net\/site\/wp-json\/wp\/v2\/posts"}],"about":[{"href":"https:\/\/radio94fm.net\/site\/wp-json\/wp\/v2\/types\/post"}],"author":[{"embeddable":true,"href":"https:\/\/radio94fm.net\/site\/wp-json\/wp\/v2\/users\/1"}],"replies":[{"embeddable":true,"href":"https:\/\/radio94fm.net\/site\/wp-json\/wp\/v2\/comments?post=33211"}],"version-history":[{"count":0,"href":"https:\/\/radio94fm.net\/site\/wp-json\/wp\/v2\/posts\/33211\/revisions"}],"wp:attachment":[{"href":"https:\/\/radio94fm.net\/site\/wp-json\/wp\/v2\/media?parent=33211"}],"wp:term":[{"taxonomy":"category","embeddable":true,"href":"https:\/\/radio94fm.net\/site\/wp-json\/wp\/v2\/categories?post=33211"},{"taxonomy":"post_tag","embeddable":true,"href":"https:\/\/radio94fm.net\/site\/wp-json\/wp\/v2\/tags?post=33211"}],"curies":[{"name":"wp","href":"https:\/\/api.w.org\/{rel}","templated":true}]}}