{"id":33154,"date":"2021-02-05T07:48:30","date_gmt":"2021-02-05T10:48:30","guid":{"rendered":"http:\/\/www.radio94fm.net\/site\/?p=33154"},"modified":"2021-02-05T07:48:30","modified_gmt":"2021-02-05T10:48:30","slug":"dasn-os-microempreendedores-individuais-meis-tem-ate-31-de-maio-para-enviar-declaracao","status":"publish","type":"post","link":"https:\/\/radio94fm.net\/site\/dasn-os-microempreendedores-individuais-meis-tem-ate-31-de-maio-para-enviar-declaracao\/","title":{"rendered":"DASN- Os Microempreendedores Individuais tem at\u00e9 31 de maio para enviar declara\u00e7\u00e3o"},"content":{"rendered":"<p><a href=\"https:\/\/www.radio94fm.net\/site\/wp-content\/uploads\/2020\/02\/FIQUE-POR-DENTRO-1.gif\"><img loading=\"lazy\" decoding=\"async\" class=\"size-full wp-image-32063 aligncenter\" src=\"https:\/\/www.radio94fm.net\/site\/wp-content\/uploads\/2020\/02\/FIQUE-POR-DENTRO-1.gif\" alt=\"\" width=\"604\" height=\"80\"><\/a><\/p>\n<p>&nbsp;<\/p>\n<p>&nbsp;<\/p>\n<p>&nbsp;<\/p>\n<p>&nbsp;<br \/>\n<a href=\"https:\/\/www.radio94fm.net\/site\/wp-content\/uploads\/2021\/02\/entrepreneur-1340649_640.jpg\"><img loading=\"lazy\" decoding=\"async\" class=\" wp-image-33155 aligncenter\" src=\"https:\/\/www.radio94fm.net\/site\/wp-content\/uploads\/2021\/02\/entrepreneur-1340649_640.jpg\" alt=\"\" width=\"539\" height=\"381\"><\/a><\/p>\n<p>&nbsp;<\/p>\n<p>&nbsp;<\/p>\n<p>&nbsp;<\/p>\n<p>Os mais de 150 mil Microempreendedores Individuais (MEIs) formalizados do Sul de Minas tem at\u00e9 dia 31 de maio para enviar a Declara\u00e7\u00e3o Anual do Simples Nacional para o Microempreendedor Individual (DASN), tamb\u00e9m conhecida como Declara\u00e7\u00e3o Anual de Faturamento. O documento, \u00e9 uma das obriga\u00e7\u00f5es do MEI.<\/p>\n<p>&nbsp;<\/p>\n<p>&nbsp;<\/p>\n<p>&nbsp;<\/p>\n<p>&nbsp;<\/p>\n<audio class=\"wp-audio-shortcode\" id=\"audio-33154-1\" preload=\"none\" style=\"width: 100%;\" controls=\"controls\"><source type=\"audio\/mpeg\" src=\"https:\/\/www.radio94fm.net\/site\/wp-content\/uploads\/2021\/02\/DASN-online-audio-converter.com_.mp3?_=1\" \/><a href=\"https:\/\/www.radio94fm.net\/site\/wp-content\/uploads\/2021\/02\/DASN-online-audio-converter.com_.mp3\">https:\/\/www.radio94fm.net\/site\/wp-content\/uploads\/2021\/02\/DASN-online-audio-converter.com_.mp3<\/a><\/audio>\n<p>&nbsp;<\/p>\n<p>&nbsp;<\/p>\n<p>&nbsp;<\/p>\n<p>&nbsp;<\/p>\n<p><a href=\"https:\/\/www.radio94fm.net\/site\/wp-content\/uploads\/2020\/02\/FIQUE-POR-DENTRO-2-BANNER.gif\"><img loading=\"lazy\" decoding=\"async\" class=\"size-full wp-image-32065 aligncenter\" src=\"https:\/\/www.radio94fm.net\/site\/wp-content\/uploads\/2020\/02\/FIQUE-POR-DENTRO-2-BANNER.gif\" alt=\"\" width=\"604\" height=\"154\"><\/a><\/p>\n","protected":false},"excerpt":{"rendered":"<p>&nbsp; &nbsp; &nbsp; &nbsp; &nbsp; &nbsp; &nbsp; Os mais de 150 mil Microempreendedores Individuais (MEIs) formalizados do Sul de Minas tem at\u00e9 dia 31 de maio para enviar a Declara\u00e7\u00e3o Anual do Simples Nacional para o Microempreendedor Individual (DASN), tamb\u00e9m conhecida como Declara\u00e7\u00e3o Anual de Faturamento. O documento, \u00e9 uma das obriga\u00e7\u00f5es do MEI. &nbsp;&#8230;<\/p>\n","protected":false},"author":1,"featured_media":33155,"comment_status":"open","ping_status":"closed","sticky":false,"template":"","format":"standard","meta":{"ngg_post_thumbnail":0,"footnotes":""},"categories":[54],"tags":[],"class_list":["post-33154","post","type-post","status-publish","format-standard","has-post-thumbnail","hentry","category-fique-por-dentro","have-post-thumb"],"_links":{"self":[{"href":"https:\/\/radio94fm.net\/site\/wp-json\/wp\/v2\/posts\/33154","targetHints":{"allow":["GET"]}}],"collection":[{"href":"https:\/\/radio94fm.net\/site\/wp-json\/wp\/v2\/posts"}],"about":[{"href":"https:\/\/radio94fm.net\/site\/wp-json\/wp\/v2\/types\/post"}],"author":[{"embeddable":true,"href":"https:\/\/radio94fm.net\/site\/wp-json\/wp\/v2\/users\/1"}],"replies":[{"embeddable":true,"href":"https:\/\/radio94fm.net\/site\/wp-json\/wp\/v2\/comments?post=33154"}],"version-history":[{"count":0,"href":"https:\/\/radio94fm.net\/site\/wp-json\/wp\/v2\/posts\/33154\/revisions"}],"wp:attachment":[{"href":"https:\/\/radio94fm.net\/site\/wp-json\/wp\/v2\/media?parent=33154"}],"wp:term":[{"taxonomy":"category","embeddable":true,"href":"https:\/\/radio94fm.net\/site\/wp-json\/wp\/v2\/categories?post=33154"},{"taxonomy":"post_tag","embeddable":true,"href":"https:\/\/radio94fm.net\/site\/wp-json\/wp\/v2\/tags?post=33154"}],"curies":[{"name":"wp","href":"https:\/\/api.w.org\/{rel}","templated":true}]}}