{"id":33139,"date":"2021-02-03T18:00:25","date_gmt":"2021-02-03T21:00:25","guid":{"rendered":"http:\/\/www.radio94fm.net\/site\/?p=33139"},"modified":"2021-02-03T18:00:25","modified_gmt":"2021-02-03T21:00:25","slug":"campeao-mundial-de-jiu-jitsu-fala-de-seus-planos-para-2021","status":"publish","type":"post","link":"https:\/\/radio94fm.net\/site\/campeao-mundial-de-jiu-jitsu-fala-de-seus-planos-para-2021\/","title":{"rendered":"Campe\u00e3o mundial de Jiu-Jitsu fala de seus planos para 2021"},"content":{"rendered":"<p><a href=\"https:\/\/www.radio94fm.net\/site\/wp-content\/uploads\/2020\/02\/FIQUE-POR-DENTRO-1.gif\"><img loading=\"lazy\" decoding=\"async\" class=\"size-full wp-image-32063 aligncenter\" src=\"https:\/\/www.radio94fm.net\/site\/wp-content\/uploads\/2020\/02\/FIQUE-POR-DENTRO-1.gif\" alt=\"\" width=\"604\" height=\"80\"><\/a><\/p>\n<p>&nbsp;<\/p>\n<p>&nbsp;<\/p>\n<p>&nbsp;<\/p>\n<p><a href=\"https:\/\/www.radio94fm.net\/site\/wp-content\/uploads\/2017\/09\/horario-aulas-jiu-jitsu.jpg\"><img loading=\"lazy\" decoding=\"async\" class=\"wp-image-25622 aligncenter\" src=\"https:\/\/www.radio94fm.net\/site\/wp-content\/uploads\/2017\/09\/horario-aulas-jiu-jitsu.jpg\" alt=\"\" width=\"540\" height=\"540\" srcset=\"https:\/\/radio94fm.net\/site\/wp-content\/uploads\/2017\/09\/horario-aulas-jiu-jitsu.jpg 1093w, https:\/\/radio94fm.net\/site\/wp-content\/uploads\/2017\/09\/horario-aulas-jiu-jitsu-300x300.jpg 300w, https:\/\/radio94fm.net\/site\/wp-content\/uploads\/2017\/09\/horario-aulas-jiu-jitsu-1024x1024.jpg 1024w, https:\/\/radio94fm.net\/site\/wp-content\/uploads\/2017\/09\/horario-aulas-jiu-jitsu-150x150.jpg 150w, https:\/\/radio94fm.net\/site\/wp-content\/uploads\/2017\/09\/horario-aulas-jiu-jitsu-768x768.jpg 768w, https:\/\/radio94fm.net\/site\/wp-content\/uploads\/2017\/09\/horario-aulas-jiu-jitsu-520x520.jpg 520w\" sizes=\"auto, (max-width: 540px) 100vw, 540px\" \/><\/a><\/p>\n<p>&nbsp;<\/p>\n<p>&nbsp;<\/p>\n<p>&nbsp;<\/p>\n<p>O ano de 2020, por conta da pandemia no novo coronav\u00edrus, foi marcado pela interrup\u00e7\u00e3o de competi\u00e7\u00f5es e campeonatos em quase todas as categorias esportivas, e para o Jiu-Jitsu n\u00e3o foi diferente. O M\u00e1rcio Tiririca, que tinha diversas disputas agendadas, assistiu ao cancelamento de todos esses eventos.<\/p>\n<p>&nbsp;<\/p>\n<p>&nbsp;<\/p>\n<p>&nbsp;<\/p>\n<audio class=\"wp-audio-shortcode\" id=\"audio-33139-1\" preload=\"none\" style=\"width: 100%;\" controls=\"controls\"><source type=\"audio\/mpeg\" src=\"https:\/\/www.radio94fm.net\/site\/wp-content\/uploads\/2021\/02\/WhatsApp-Audio-2021-02-01-at-16.02.05-1-online-audio-converter.com_.mp3?_=1\" \/><a href=\"https:\/\/www.radio94fm.net\/site\/wp-content\/uploads\/2021\/02\/WhatsApp-Audio-2021-02-01-at-16.02.05-1-online-audio-converter.com_.mp3\">https:\/\/www.radio94fm.net\/site\/wp-content\/uploads\/2021\/02\/WhatsApp-Audio-2021-02-01-at-16.02.05-1-online-audio-converter.com_.mp3<\/a><\/audio>\n<p>&nbsp;<\/p>\n<p>&nbsp;<\/p>\n<p>&nbsp;<\/p>\n<p>&nbsp;<br \/>\n<a href=\"https:\/\/www.radio94fm.net\/site\/wp-content\/uploads\/2020\/02\/FIQUE-POR-DENTRO-2-BANNER.gif\"><img loading=\"lazy\" decoding=\"async\" class=\"size-full wp-image-32065 aligncenter\" src=\"https:\/\/www.radio94fm.net\/site\/wp-content\/uploads\/2020\/02\/FIQUE-POR-DENTRO-2-BANNER.gif\" alt=\"\" width=\"604\" height=\"154\"><\/a><\/p>\n","protected":false},"excerpt":{"rendered":"<p>&nbsp; &nbsp; &nbsp; &nbsp; &nbsp; &nbsp; O ano de 2020, por conta da pandemia no novo coronav\u00edrus, foi marcado pela interrup\u00e7\u00e3o de competi\u00e7\u00f5es e campeonatos em quase todas as categorias esportivas, e para o Jiu-Jitsu n\u00e3o foi diferente. O M\u00e1rcio Tiririca, que tinha diversas disputas agendadas, assistiu ao cancelamento de todos esses eventos. &nbsp; &nbsp;&#8230;<\/p>\n","protected":false},"author":1,"featured_media":25622,"comment_status":"open","ping_status":"closed","sticky":false,"template":"","format":"standard","meta":{"ngg_post_thumbnail":0,"footnotes":""},"categories":[54],"tags":[],"class_list":["post-33139","post","type-post","status-publish","format-standard","has-post-thumbnail","hentry","category-fique-por-dentro","have-post-thumb"],"_links":{"self":[{"href":"https:\/\/radio94fm.net\/site\/wp-json\/wp\/v2\/posts\/33139","targetHints":{"allow":["GET"]}}],"collection":[{"href":"https:\/\/radio94fm.net\/site\/wp-json\/wp\/v2\/posts"}],"about":[{"href":"https:\/\/radio94fm.net\/site\/wp-json\/wp\/v2\/types\/post"}],"author":[{"embeddable":true,"href":"https:\/\/radio94fm.net\/site\/wp-json\/wp\/v2\/users\/1"}],"replies":[{"embeddable":true,"href":"https:\/\/radio94fm.net\/site\/wp-json\/wp\/v2\/comments?post=33139"}],"version-history":[{"count":0,"href":"https:\/\/radio94fm.net\/site\/wp-json\/wp\/v2\/posts\/33139\/revisions"}],"wp:featuredmedia":[{"embeddable":true,"href":"https:\/\/radio94fm.net\/site\/wp-json\/wp\/v2\/media\/25622"}],"wp:attachment":[{"href":"https:\/\/radio94fm.net\/site\/wp-json\/wp\/v2\/media?parent=33139"}],"wp:term":[{"taxonomy":"category","embeddable":true,"href":"https:\/\/radio94fm.net\/site\/wp-json\/wp\/v2\/categories?post=33139"},{"taxonomy":"post_tag","embeddable":true,"href":"https:\/\/radio94fm.net\/site\/wp-json\/wp\/v2\/tags?post=33139"}],"curies":[{"name":"wp","href":"https:\/\/api.w.org\/{rel}","templated":true}]}}