{"id":33115,"date":"2021-01-29T17:42:28","date_gmt":"2021-01-29T20:42:28","guid":{"rendered":"http:\/\/www.radio94fm.net\/site\/?p=33115"},"modified":"2021-01-29T17:42:28","modified_gmt":"2021-01-29T20:42:28","slug":"presidio-de-lavras-vai-fabricar-moveis-para-a-casa-do-vovo","status":"publish","type":"post","link":"https:\/\/radio94fm.net\/site\/presidio-de-lavras-vai-fabricar-moveis-para-a-casa-do-vovo\/","title":{"rendered":"Pres\u00eddio de Lavras vai fabricar m\u00f3veis para a Casa do Vov\u00f4"},"content":{"rendered":"<p><a href=\"https:\/\/www.radio94fm.net\/site\/wp-content\/uploads\/2020\/02\/FIQUE-POR-DENTRO-1.gif\"><img loading=\"lazy\" decoding=\"async\" class=\"size-full wp-image-32063 aligncenter\" src=\"https:\/\/www.radio94fm.net\/site\/wp-content\/uploads\/2020\/02\/FIQUE-POR-DENTRO-1.gif\" alt=\"\" width=\"604\" height=\"80\"><\/a><\/p>\n<p>&nbsp;<\/p>\n<p>&nbsp;<\/p>\n<p>&nbsp;<\/p>\n<p><a href=\"https:\/\/www.radio94fm.net\/site\/wp-content\/uploads\/2021\/01\/planer-4980905_640.jpg\"><img loading=\"lazy\" decoding=\"async\" class=\" wp-image-33116 aligncenter\" src=\"https:\/\/www.radio94fm.net\/site\/wp-content\/uploads\/2021\/01\/planer-4980905_640.jpg\" alt=\"\" width=\"558\" height=\"372\"><\/a><\/p>\n<p>&nbsp;<\/p>\n<p>&nbsp;<\/p>\n<p>&nbsp;<\/p>\n<p>A dire\u00e7\u00e3o do Pres\u00eddio Estadual de Lavras tem divulgado projetos de colabora\u00e7\u00e3o com institui\u00e7\u00f5es da cidade que devem ser empreendidos neste ano. Um deles, \u00e9 o da constru\u00e7\u00e3o de m\u00f3veis e utens\u00edlios em madeira para a Casa do Vov\u00f4.<\/p>\n<p>&nbsp;<\/p>\n<p>&nbsp;<\/p>\n<p>&nbsp;<\/p>\n<audio class=\"wp-audio-shortcode\" id=\"audio-33115-1\" preload=\"none\" style=\"width: 100%;\" controls=\"controls\"><source type=\"audio\/mpeg\" src=\"https:\/\/www.radio94fm.net\/site\/wp-content\/uploads\/2021\/01\/WhatsApp-Audio-2021-01-28-at-17.59.16-online-audio-converter.com_.mp3?_=1\" \/><a href=\"https:\/\/www.radio94fm.net\/site\/wp-content\/uploads\/2021\/01\/WhatsApp-Audio-2021-01-28-at-17.59.16-online-audio-converter.com_.mp3\">https:\/\/www.radio94fm.net\/site\/wp-content\/uploads\/2021\/01\/WhatsApp-Audio-2021-01-28-at-17.59.16-online-audio-converter.com_.mp3<\/a><\/audio>\n<p>&nbsp;<\/p>\n<p>&nbsp;<\/p>\n<p>&nbsp;<\/p>\n<p>&nbsp;<\/p>\n<p><a href=\"https:\/\/www.radio94fm.net\/site\/wp-content\/uploads\/2020\/02\/FIQUE-POR-DENTRO-2-BANNER.gif\"><img loading=\"lazy\" decoding=\"async\" class=\"size-full wp-image-32065 aligncenter\" src=\"https:\/\/www.radio94fm.net\/site\/wp-content\/uploads\/2020\/02\/FIQUE-POR-DENTRO-2-BANNER.gif\" alt=\"\" width=\"604\" height=\"154\"><\/a><\/p>\n","protected":false},"excerpt":{"rendered":"<p>&nbsp; &nbsp; &nbsp; &nbsp; &nbsp; &nbsp; A dire\u00e7\u00e3o do Pres\u00eddio Estadual de Lavras tem divulgado projetos de colabora\u00e7\u00e3o com institui\u00e7\u00f5es da cidade que devem ser empreendidos neste ano. Um deles, \u00e9 o da constru\u00e7\u00e3o de m\u00f3veis e utens\u00edlios em madeira para a Casa do Vov\u00f4. &nbsp; &nbsp; &nbsp; &nbsp; &nbsp; &nbsp; &nbsp;<\/p>\n","protected":false},"author":1,"featured_media":33116,"comment_status":"open","ping_status":"closed","sticky":false,"template":"","format":"standard","meta":{"ngg_post_thumbnail":0,"footnotes":""},"categories":[54],"tags":[],"class_list":["post-33115","post","type-post","status-publish","format-standard","has-post-thumbnail","hentry","category-fique-por-dentro","have-post-thumb"],"_links":{"self":[{"href":"https:\/\/radio94fm.net\/site\/wp-json\/wp\/v2\/posts\/33115","targetHints":{"allow":["GET"]}}],"collection":[{"href":"https:\/\/radio94fm.net\/site\/wp-json\/wp\/v2\/posts"}],"about":[{"href":"https:\/\/radio94fm.net\/site\/wp-json\/wp\/v2\/types\/post"}],"author":[{"embeddable":true,"href":"https:\/\/radio94fm.net\/site\/wp-json\/wp\/v2\/users\/1"}],"replies":[{"embeddable":true,"href":"https:\/\/radio94fm.net\/site\/wp-json\/wp\/v2\/comments?post=33115"}],"version-history":[{"count":0,"href":"https:\/\/radio94fm.net\/site\/wp-json\/wp\/v2\/posts\/33115\/revisions"}],"wp:attachment":[{"href":"https:\/\/radio94fm.net\/site\/wp-json\/wp\/v2\/media?parent=33115"}],"wp:term":[{"taxonomy":"category","embeddable":true,"href":"https:\/\/radio94fm.net\/site\/wp-json\/wp\/v2\/categories?post=33115"},{"taxonomy":"post_tag","embeddable":true,"href":"https:\/\/radio94fm.net\/site\/wp-json\/wp\/v2\/tags?post=33115"}],"curies":[{"name":"wp","href":"https:\/\/api.w.org\/{rel}","templated":true}]}}