{"id":33107,"date":"2021-01-28T17:07:34","date_gmt":"2021-01-28T20:07:34","guid":{"rendered":"http:\/\/www.radio94fm.net\/site\/?p=33107"},"modified":"2021-01-28T17:07:34","modified_gmt":"2021-01-28T20:07:34","slug":"criar-sesc-esta-com-as-ultimas-vagas-disponiveis-em-lavras","status":"publish","type":"post","link":"https:\/\/radio94fm.net\/site\/criar-sesc-esta-com-as-ultimas-vagas-disponiveis-em-lavras\/","title":{"rendered":"Criar Sesc est\u00e1 com as \u00faltimas vagas dispon\u00edveis em Lavras"},"content":{"rendered":"<p><a href=\"https:\/\/www.radio94fm.net\/site\/wp-content\/uploads\/2020\/02\/FIQUE-POR-DENTRO-1.gif\"><img loading=\"lazy\" decoding=\"async\" class=\"size-full wp-image-32063 aligncenter\" src=\"https:\/\/www.radio94fm.net\/site\/wp-content\/uploads\/2020\/02\/FIQUE-POR-DENTRO-1.gif\" alt=\"\" width=\"604\" height=\"80\"><\/a><\/p>\n<p>&nbsp;<\/p>\n<p>&nbsp;<\/p>\n<p>&nbsp;<\/p>\n<p><a href=\"https:\/\/www.radio94fm.net\/site\/wp-content\/uploads\/2017\/03\/logo-sesc.png\"><img loading=\"lazy\" decoding=\"async\" class=\"wp-image-22818 aligncenter\" src=\"https:\/\/www.radio94fm.net\/site\/wp-content\/uploads\/2017\/03\/logo-sesc.png\" alt=\"\" width=\"420\" height=\"210\"><\/a><\/p>\n<p>&nbsp;<\/p>\n<p>&nbsp;<\/p>\n<p>&nbsp;<\/p>\n<p>&nbsp;<\/p>\n<p>O Sesc em Lavras continua com inscri\u00e7\u00f5es abertas para o Criar Sesc, agora com as \u00faltimas vagas dispon\u00edveis. O programa se prop\u00f5e a trabalhar com as crian\u00e7as por meio de oficinas, onde elas viver\u00e3o experi\u00eancias l\u00fadicas que potencializam o desenvolvimento cultural, f\u00edsico, social e pedag\u00f3gico.<\/p>\n<p>&nbsp;<\/p>\n<p>&nbsp;<\/p>\n<audio class=\"wp-audio-shortcode\" id=\"audio-33107-1\" preload=\"none\" style=\"width: 100%;\" controls=\"controls\"><source type=\"audio\/mpeg\" src=\"https:\/\/www.radio94fm.net\/site\/wp-content\/uploads\/2021\/01\/WhatsApp-Audio-2021-01-27-at-17.24.02-online-audio-converter.com_.mp3?_=1\" \/><a href=\"https:\/\/www.radio94fm.net\/site\/wp-content\/uploads\/2021\/01\/WhatsApp-Audio-2021-01-27-at-17.24.02-online-audio-converter.com_.mp3\">https:\/\/www.radio94fm.net\/site\/wp-content\/uploads\/2021\/01\/WhatsApp-Audio-2021-01-27-at-17.24.02-online-audio-converter.com_.mp3<\/a><\/audio>\n<p>&nbsp;<\/p>\n<p>&nbsp;<\/p>\n<p>&nbsp;<\/p>\n<p>&nbsp;<\/p>\n<p><a href=\"https:\/\/www.radio94fm.net\/site\/wp-content\/uploads\/2020\/02\/FIQUE-POR-DENTRO-2-BANNER.gif\"><img loading=\"lazy\" decoding=\"async\" class=\"size-full wp-image-32065 aligncenter\" src=\"https:\/\/www.radio94fm.net\/site\/wp-content\/uploads\/2020\/02\/FIQUE-POR-DENTRO-2-BANNER.gif\" alt=\"\" width=\"604\" height=\"154\"><\/a><\/p>\n","protected":false},"excerpt":{"rendered":"<p>&nbsp; &nbsp; &nbsp; &nbsp; &nbsp; &nbsp; &nbsp; O Sesc em Lavras continua com inscri\u00e7\u00f5es abertas para o Criar Sesc, agora com as \u00faltimas vagas dispon\u00edveis. O programa se prop\u00f5e a trabalhar com as crian\u00e7as por meio de oficinas, onde elas viver\u00e3o experi\u00eancias l\u00fadicas que potencializam o desenvolvimento cultural, f\u00edsico, social e pedag\u00f3gico. &nbsp; &nbsp; &nbsp;&#8230;<\/p>\n","protected":false},"author":1,"featured_media":0,"comment_status":"open","ping_status":"closed","sticky":false,"template":"","format":"standard","meta":{"ngg_post_thumbnail":0,"footnotes":""},"categories":[54],"tags":[],"class_list":["post-33107","post","type-post","status-publish","format-standard","hentry","category-fique-por-dentro"],"_links":{"self":[{"href":"https:\/\/radio94fm.net\/site\/wp-json\/wp\/v2\/posts\/33107","targetHints":{"allow":["GET"]}}],"collection":[{"href":"https:\/\/radio94fm.net\/site\/wp-json\/wp\/v2\/posts"}],"about":[{"href":"https:\/\/radio94fm.net\/site\/wp-json\/wp\/v2\/types\/post"}],"author":[{"embeddable":true,"href":"https:\/\/radio94fm.net\/site\/wp-json\/wp\/v2\/users\/1"}],"replies":[{"embeddable":true,"href":"https:\/\/radio94fm.net\/site\/wp-json\/wp\/v2\/comments?post=33107"}],"version-history":[{"count":0,"href":"https:\/\/radio94fm.net\/site\/wp-json\/wp\/v2\/posts\/33107\/revisions"}],"wp:attachment":[{"href":"https:\/\/radio94fm.net\/site\/wp-json\/wp\/v2\/media?parent=33107"}],"wp:term":[{"taxonomy":"category","embeddable":true,"href":"https:\/\/radio94fm.net\/site\/wp-json\/wp\/v2\/categories?post=33107"},{"taxonomy":"post_tag","embeddable":true,"href":"https:\/\/radio94fm.net\/site\/wp-json\/wp\/v2\/tags?post=33107"}],"curies":[{"name":"wp","href":"https:\/\/api.w.org\/{rel}","templated":true}]}}