{"id":33083,"date":"2021-01-26T15:57:47","date_gmt":"2021-01-26T18:57:47","guid":{"rendered":"http:\/\/www.radio94fm.net\/site\/?p=33083"},"modified":"2021-01-26T15:57:47","modified_gmt":"2021-01-26T18:57:47","slug":"comecou-o-alistamento-2021-para-o-servico-militar","status":"publish","type":"post","link":"https:\/\/radio94fm.net\/site\/comecou-o-alistamento-2021-para-o-servico-militar\/","title":{"rendered":"Come\u00e7ou o alistamento 2021 para o servi\u00e7o militar"},"content":{"rendered":"<p><a href=\"https:\/\/www.radio94fm.net\/site\/wp-content\/uploads\/2020\/02\/FIQUE-POR-DENTRO-1.gif\"><img loading=\"lazy\" decoding=\"async\" class=\"size-full wp-image-32063 aligncenter\" src=\"https:\/\/www.radio94fm.net\/site\/wp-content\/uploads\/2020\/02\/FIQUE-POR-DENTRO-1.gif\" alt=\"\" width=\"604\" height=\"80\"><\/a><\/p>\n<p>&nbsp;<\/p>\n<p>&nbsp;<\/p>\n<p>&nbsp;<\/p>\n<p><a href=\"https:\/\/www.radio94fm.net\/site\/wp-content\/uploads\/2019\/08\/6b8e3c4a0789f2671e742b0e3869a481_XL.jpg\"><img loading=\"lazy\" decoding=\"async\" class=\"wp-image-31036 aligncenter\" src=\"https:\/\/www.radio94fm.net\/site\/wp-content\/uploads\/2019\/08\/6b8e3c4a0789f2671e742b0e3869a481_XL.jpg\" alt=\"\" width=\"539\" height=\"299\"><\/a><\/p>\n<p>&nbsp;<\/p>\n<p>&nbsp;<\/p>\n<p>&nbsp;<\/p>\n<p>Desde o dia 1\u00ba de janeiro, est\u00e1 sendo realizado em todo o pa\u00eds, o alistamento militar obrigat\u00f3rio em 2021. Os jovens do sexo masculino nascidos no ano de 2003 devem procurar a Junta do Servi\u00e7o Militar, levando um documento com foto e comprovante de resid\u00eancia. O prazo final para o alistamento ser\u00e1 em 30 de junho.<\/p>\n<p>&nbsp;<\/p>\n<p>&nbsp;<\/p>\n<p>&nbsp;<\/p>\n<audio class=\"wp-audio-shortcode\" id=\"audio-33083-1\" preload=\"none\" style=\"width: 100%;\" controls=\"controls\"><source type=\"audio\/mpeg\" src=\"https:\/\/www.radio94fm.net\/site\/wp-content\/uploads\/2021\/01\/Alistamento-Militar.mp3?_=1\" \/><a href=\"https:\/\/www.radio94fm.net\/site\/wp-content\/uploads\/2021\/01\/Alistamento-Militar.mp3\">https:\/\/www.radio94fm.net\/site\/wp-content\/uploads\/2021\/01\/Alistamento-Militar.mp3<\/a><\/audio>\n<p>&nbsp;<\/p>\n<p>&nbsp;<\/p>\n<p>&nbsp;<\/p>\n<p><a href=\"https:\/\/www.radio94fm.net\/site\/wp-content\/uploads\/2020\/02\/FIQUE-POR-DENTRO-2-BANNER.gif\"><img loading=\"lazy\" decoding=\"async\" class=\"size-full wp-image-32065 aligncenter\" src=\"https:\/\/www.radio94fm.net\/site\/wp-content\/uploads\/2020\/02\/FIQUE-POR-DENTRO-2-BANNER.gif\" alt=\"\" width=\"604\" height=\"154\"><\/a><\/p>\n","protected":false},"excerpt":{"rendered":"<p>&nbsp; &nbsp; &nbsp; &nbsp; &nbsp; &nbsp; Desde o dia 1\u00ba de janeiro, est\u00e1 sendo realizado em todo o pa\u00eds, o alistamento militar obrigat\u00f3rio em 2021. Os jovens do sexo masculino nascidos no ano de 2003 devem procurar a Junta do Servi\u00e7o Militar, levando um documento com foto e comprovante de resid\u00eancia. O prazo final para&#8230;<\/p>\n","protected":false},"author":1,"featured_media":31036,"comment_status":"open","ping_status":"closed","sticky":false,"template":"","format":"standard","meta":{"ngg_post_thumbnail":0,"footnotes":""},"categories":[54],"tags":[],"class_list":["post-33083","post","type-post","status-publish","format-standard","has-post-thumbnail","hentry","category-fique-por-dentro","have-post-thumb"],"_links":{"self":[{"href":"https:\/\/radio94fm.net\/site\/wp-json\/wp\/v2\/posts\/33083","targetHints":{"allow":["GET"]}}],"collection":[{"href":"https:\/\/radio94fm.net\/site\/wp-json\/wp\/v2\/posts"}],"about":[{"href":"https:\/\/radio94fm.net\/site\/wp-json\/wp\/v2\/types\/post"}],"author":[{"embeddable":true,"href":"https:\/\/radio94fm.net\/site\/wp-json\/wp\/v2\/users\/1"}],"replies":[{"embeddable":true,"href":"https:\/\/radio94fm.net\/site\/wp-json\/wp\/v2\/comments?post=33083"}],"version-history":[{"count":0,"href":"https:\/\/radio94fm.net\/site\/wp-json\/wp\/v2\/posts\/33083\/revisions"}],"wp:attachment":[{"href":"https:\/\/radio94fm.net\/site\/wp-json\/wp\/v2\/media?parent=33083"}],"wp:term":[{"taxonomy":"category","embeddable":true,"href":"https:\/\/radio94fm.net\/site\/wp-json\/wp\/v2\/categories?post=33083"},{"taxonomy":"post_tag","embeddable":true,"href":"https:\/\/radio94fm.net\/site\/wp-json\/wp\/v2\/tags?post=33083"}],"curies":[{"name":"wp","href":"https:\/\/api.w.org\/{rel}","templated":true}]}}