{"id":33035,"date":"2021-01-21T08:24:48","date_gmt":"2021-01-21T11:24:48","guid":{"rendered":"http:\/\/www.radio94fm.net\/site\/?p=33035"},"modified":"2021-01-21T08:24:48","modified_gmt":"2021-01-21T11:24:48","slug":"instituto-federal-do-sudeste-de-minas-gerais-abre-inscricoes-para-processo-seletivo-20211","status":"publish","type":"post","link":"https:\/\/radio94fm.net\/site\/instituto-federal-do-sudeste-de-minas-gerais-abre-inscricoes-para-processo-seletivo-20211\/","title":{"rendered":"Instituto Federal do Sudeste de Minas Gerais abre inscri\u00e7\u00f5es para processo seletivo 2021\/1"},"content":{"rendered":"<p><a href=\"https:\/\/www.radio94fm.net\/site\/wp-content\/uploads\/2020\/02\/FIQUE-POR-DENTRO-1.gif\"><img loading=\"lazy\" decoding=\"async\" class=\"size-full wp-image-32063 aligncenter\" src=\"https:\/\/www.radio94fm.net\/site\/wp-content\/uploads\/2020\/02\/FIQUE-POR-DENTRO-1.gif\" alt=\"\" width=\"604\" height=\"80\"><\/a><\/p>\n<p>&nbsp;<\/p>\n<p>&nbsp;<\/p>\n<p>&nbsp;<\/p>\n<p><a href=\"https:\/\/www.radio94fm.net\/site\/wp-content\/uploads\/2021\/01\/bantersnaps-9o8YdYGTT64-unsplash.jpg\"><img loading=\"lazy\" decoding=\"async\" class=\"wp-image-33036 aligncenter\" src=\"https:\/\/www.radio94fm.net\/site\/wp-content\/uploads\/2021\/01\/bantersnaps-9o8YdYGTT64-unsplash.jpg\" alt=\"\" width=\"560\" height=\"373\"><\/a><\/p>\n<p>&nbsp;<\/p>\n<p>&nbsp;<\/p>\n<p>&nbsp;<\/p>\n<p>Os interessados em estudar no Instituto Federal do Sudeste de Minas Gerais em 2021, devem se inscrever no Processo Seletivo da institui\u00e7\u00e3o que est\u00e1 aberto e vai at\u00e9 21 de fevereiro, as inscri\u00e7\u00f5es e os cursos s\u00e3o gratuitos.<\/p>\n<p>As oportunidades incluem cursos t\u00e9cnicos (integrados, concomitantes e\/ou subsequentes ao Ensino M\u00e9dio), p\u00f3s-t\u00e9cnico, de gradua\u00e7\u00e3o e de p\u00f3s-gradua\u00e7\u00e3o.<\/p>\n<p>&nbsp;<\/p>\n<p>&nbsp;<\/p>\n<audio class=\"wp-audio-shortcode\" id=\"audio-33035-1\" preload=\"none\" style=\"width: 100%;\" controls=\"controls\"><source type=\"audio\/mpeg\" src=\"https:\/\/www.radio94fm.net\/site\/wp-content\/uploads\/2021\/01\/FPD-IFSUDESTE-MG-PROCESSO-SELETIVO-20-01-21-Vanessa.mp3?_=1\" \/><a href=\"https:\/\/www.radio94fm.net\/site\/wp-content\/uploads\/2021\/01\/FPD-IFSUDESTE-MG-PROCESSO-SELETIVO-20-01-21-Vanessa.mp3\">https:\/\/www.radio94fm.net\/site\/wp-content\/uploads\/2021\/01\/FPD-IFSUDESTE-MG-PROCESSO-SELETIVO-20-01-21-Vanessa.mp3<\/a><\/audio>\n<p>&nbsp;<\/p>\n<p>&nbsp;<\/p>\n<p>&nbsp;<\/p>\n<p>&nbsp;<\/p>\n<p><a href=\"https:\/\/www.radio94fm.net\/site\/wp-content\/uploads\/2020\/02\/FIQUE-POR-DENTRO-2-BANNER.gif\"><img loading=\"lazy\" decoding=\"async\" class=\"size-full wp-image-32065 aligncenter\" src=\"https:\/\/www.radio94fm.net\/site\/wp-content\/uploads\/2020\/02\/FIQUE-POR-DENTRO-2-BANNER.gif\" alt=\"\" width=\"604\" height=\"154\"><\/a><\/p>\n","protected":false},"excerpt":{"rendered":"<p>&nbsp; &nbsp; &nbsp; &nbsp; &nbsp; &nbsp; Os interessados em estudar no Instituto Federal do Sudeste de Minas Gerais em 2021, devem se inscrever no Processo Seletivo da institui\u00e7\u00e3o que est\u00e1 aberto e vai at\u00e9 21 de fevereiro, as inscri\u00e7\u00f5es e os cursos s\u00e3o gratuitos. As oportunidades incluem cursos t\u00e9cnicos (integrados, concomitantes e\/ou subsequentes ao Ensino&#8230;<\/p>\n","protected":false},"author":1,"featured_media":0,"comment_status":"open","ping_status":"closed","sticky":false,"template":"","format":"standard","meta":{"ngg_post_thumbnail":0,"footnotes":""},"categories":[54],"tags":[],"class_list":["post-33035","post","type-post","status-publish","format-standard","hentry","category-fique-por-dentro"],"_links":{"self":[{"href":"https:\/\/radio94fm.net\/site\/wp-json\/wp\/v2\/posts\/33035","targetHints":{"allow":["GET"]}}],"collection":[{"href":"https:\/\/radio94fm.net\/site\/wp-json\/wp\/v2\/posts"}],"about":[{"href":"https:\/\/radio94fm.net\/site\/wp-json\/wp\/v2\/types\/post"}],"author":[{"embeddable":true,"href":"https:\/\/radio94fm.net\/site\/wp-json\/wp\/v2\/users\/1"}],"replies":[{"embeddable":true,"href":"https:\/\/radio94fm.net\/site\/wp-json\/wp\/v2\/comments?post=33035"}],"version-history":[{"count":0,"href":"https:\/\/radio94fm.net\/site\/wp-json\/wp\/v2\/posts\/33035\/revisions"}],"wp:attachment":[{"href":"https:\/\/radio94fm.net\/site\/wp-json\/wp\/v2\/media?parent=33035"}],"wp:term":[{"taxonomy":"category","embeddable":true,"href":"https:\/\/radio94fm.net\/site\/wp-json\/wp\/v2\/categories?post=33035"},{"taxonomy":"post_tag","embeddable":true,"href":"https:\/\/radio94fm.net\/site\/wp-json\/wp\/v2\/tags?post=33035"}],"curies":[{"name":"wp","href":"https:\/\/api.w.org\/{rel}","templated":true}]}}