{"id":32990,"date":"2021-01-18T17:43:27","date_gmt":"2021-01-18T20:43:27","guid":{"rendered":"http:\/\/www.radio94fm.net\/site\/?p=32990"},"modified":"2021-01-18T17:43:27","modified_gmt":"2021-01-18T20:43:27","slug":"comunidade-catolica-vai-comemorar-dia-de-sao-sebastiao","status":"publish","type":"post","link":"https:\/\/radio94fm.net\/site\/comunidade-catolica-vai-comemorar-dia-de-sao-sebastiao\/","title":{"rendered":"Comunidade cat\u00f3lica vai comemorar dia de S\u00e3o Sebasti\u00e3o"},"content":{"rendered":"<p><a href=\"https:\/\/www.radio94fm.net\/site\/wp-content\/uploads\/2020\/02\/FIQUE-POR-DENTRO-1.gif\"><img loading=\"lazy\" decoding=\"async\" class=\"size-full wp-image-32063 aligncenter\" src=\"https:\/\/www.radio94fm.net\/site\/wp-content\/uploads\/2020\/02\/FIQUE-POR-DENTRO-1.gif\" alt=\"\" width=\"604\" height=\"80\"><\/a><\/p>\n<p>&nbsp;<\/p>\n<p>&nbsp;<\/p>\n<p><a href=\"https:\/\/www.radio94fm.net\/site\/wp-content\/uploads\/2021\/01\/neumarkt-844775_640.jpg\"><img loading=\"lazy\" decoding=\"async\" class=\"wp-image-32991 aligncenter\" src=\"https:\/\/www.radio94fm.net\/site\/wp-content\/uploads\/2021\/01\/neumarkt-844775_640.jpg\" alt=\"\" width=\"318\" height=\"424\"><\/a><\/p>\n<p>&nbsp;<\/p>\n<p>&nbsp;<\/p>\n<p>No domingo (17) ser\u00e1 dado in\u00edcio ao tr\u00edduo em prepara\u00e7\u00e3o para festa da Comunidade de S\u00e3o Sebasti\u00e3o ao seu padroeiro, na pr\u00f3xima quarta feira (20) dia de S\u00e3o Sebasti\u00e3o ser\u00e1 realizada uma missa solene presidida pelo Padre Odair de Carvalho.<br \/>\nO Padre Odair que \u00e9 o p\u00e1roco da Par\u00f3quia Nossa Senhora Auxiliadora de Lavras divulgou a reportagem da 94Fm a programa\u00e7\u00e3o das festividades da comunidade este ano.<\/p>\n<p>&nbsp;<\/p>\n<p>&nbsp;<\/p>\n<audio class=\"wp-audio-shortcode\" id=\"audio-32990-1\" preload=\"none\" style=\"width: 100%;\" controls=\"controls\"><source type=\"audio\/mpeg\" src=\"https:\/\/www.radio94fm.net\/site\/wp-content\/uploads\/2021\/01\/FPD-DIA-DE-SAO-SEBASTIAO-14-01-21-Pedro.mp3?_=1\" \/><a href=\"https:\/\/www.radio94fm.net\/site\/wp-content\/uploads\/2021\/01\/FPD-DIA-DE-SAO-SEBASTIAO-14-01-21-Pedro.mp3\">https:\/\/www.radio94fm.net\/site\/wp-content\/uploads\/2021\/01\/FPD-DIA-DE-SAO-SEBASTIAO-14-01-21-Pedro.mp3<\/a><\/audio>\n<p>&nbsp;<\/p>\n<p>&nbsp;<\/p>\n<p>&nbsp;<\/p>\n<p>&nbsp;<\/p>\n<p><a href=\"https:\/\/www.radio94fm.net\/site\/wp-content\/uploads\/2020\/02\/FIQUE-POR-DENTRO-2-BANNER.gif\"><img loading=\"lazy\" decoding=\"async\" class=\"size-full wp-image-32065 aligncenter\" src=\"https:\/\/www.radio94fm.net\/site\/wp-content\/uploads\/2020\/02\/FIQUE-POR-DENTRO-2-BANNER.gif\" alt=\"\" width=\"604\" height=\"154\"><\/a><\/p>\n","protected":false},"excerpt":{"rendered":"<p>&nbsp; &nbsp; &nbsp; &nbsp; No domingo (17) ser\u00e1 dado in\u00edcio ao tr\u00edduo em prepara\u00e7\u00e3o para festa da Comunidade de S\u00e3o Sebasti\u00e3o ao seu padroeiro, na pr\u00f3xima quarta feira (20) dia de S\u00e3o Sebasti\u00e3o ser\u00e1 realizada uma missa solene presidida pelo Padre Odair de Carvalho. O Padre Odair que \u00e9 o p\u00e1roco da Par\u00f3quia Nossa Senhora&#8230;<\/p>\n","protected":false},"author":1,"featured_media":32991,"comment_status":"open","ping_status":"closed","sticky":false,"template":"","format":"standard","meta":{"ngg_post_thumbnail":0,"footnotes":""},"categories":[54],"tags":[],"class_list":["post-32990","post","type-post","status-publish","format-standard","has-post-thumbnail","hentry","category-fique-por-dentro","have-post-thumb"],"_links":{"self":[{"href":"https:\/\/radio94fm.net\/site\/wp-json\/wp\/v2\/posts\/32990","targetHints":{"allow":["GET"]}}],"collection":[{"href":"https:\/\/radio94fm.net\/site\/wp-json\/wp\/v2\/posts"}],"about":[{"href":"https:\/\/radio94fm.net\/site\/wp-json\/wp\/v2\/types\/post"}],"author":[{"embeddable":true,"href":"https:\/\/radio94fm.net\/site\/wp-json\/wp\/v2\/users\/1"}],"replies":[{"embeddable":true,"href":"https:\/\/radio94fm.net\/site\/wp-json\/wp\/v2\/comments?post=32990"}],"version-history":[{"count":0,"href":"https:\/\/radio94fm.net\/site\/wp-json\/wp\/v2\/posts\/32990\/revisions"}],"wp:attachment":[{"href":"https:\/\/radio94fm.net\/site\/wp-json\/wp\/v2\/media?parent=32990"}],"wp:term":[{"taxonomy":"category","embeddable":true,"href":"https:\/\/radio94fm.net\/site\/wp-json\/wp\/v2\/categories?post=32990"},{"taxonomy":"post_tag","embeddable":true,"href":"https:\/\/radio94fm.net\/site\/wp-json\/wp\/v2\/tags?post=32990"}],"curies":[{"name":"wp","href":"https:\/\/api.w.org\/{rel}","templated":true}]}}