{"id":32950,"date":"2021-01-15T17:38:31","date_gmt":"2021-01-15T20:38:31","guid":{"rendered":"http:\/\/www.radio94fm.net\/site\/?p=32950"},"modified":"2021-01-15T17:38:31","modified_gmt":"2021-01-15T20:38:31","slug":"resultado-da-testagem-de-covid19-do-lar-e-vida","status":"publish","type":"post","link":"https:\/\/radio94fm.net\/site\/resultado-da-testagem-de-covid19-do-lar-e-vida\/","title":{"rendered":"Resultado da testagem de Covid19 do Lar e Vida"},"content":{"rendered":"<p><a href=\"https:\/\/www.radio94fm.net\/site\/wp-content\/uploads\/2020\/02\/FIQUE-POR-DENTRO-1.gif\"><img loading=\"lazy\" decoding=\"async\" class=\"size-full wp-image-32063 aligncenter\" src=\"https:\/\/www.radio94fm.net\/site\/wp-content\/uploads\/2020\/02\/FIQUE-POR-DENTRO-1.gif\" alt=\"\" width=\"604\" height=\"80\"><\/a><\/p>\n<p>&nbsp;<\/p>\n<p>&nbsp;<\/p>\n<p><a href=\"https:\/\/www.radio94fm.net\/site\/wp-content\/uploads\/2021\/01\/profile_95bf05b8-be84-4307-9013-7018082a734d.png\"><img loading=\"lazy\" decoding=\"async\" class=\"wp-image-32879 aligncenter\" src=\"https:\/\/www.radio94fm.net\/site\/wp-content\/uploads\/2021\/01\/profile_95bf05b8-be84-4307-9013-7018082a734d.png\" alt=\"\" width=\"468\" height=\"468\"><\/a><\/p>\n<p>&nbsp;<\/p>\n<p>&nbsp;<\/p>\n<p>Na \u00faltima quarta-feira(6) uma equipe do LabCovid da Universidade Federal de Lavras, realizou uma testagem no Lar e Vida entre funcion\u00e1rios, volunt\u00e1rios, parentes e assistidos que frequentam o local. O resultado dos exames ficaram prontos na sexta-feira(8).<br \/>\nA psic\u00f3loga coordenadora da equipe t\u00e9cnica da institui\u00e7\u00e3o Viviane Oliveira, divulgou a reportagem da 94Fm os resultados da testagem realizada.<\/p>\n<p>&nbsp;<\/p>\n<audio class=\"wp-audio-shortcode\" id=\"audio-32950-1\" preload=\"none\" style=\"width: 100%;\" controls=\"controls\"><source type=\"audio\/mpeg\" src=\"https:\/\/www.radio94fm.net\/site\/wp-content\/uploads\/2021\/01\/FPD-LAR-E-VIDA-RESULTADO-COVID-12-01-21-Pedro.mp3?_=1\" \/><a href=\"https:\/\/www.radio94fm.net\/site\/wp-content\/uploads\/2021\/01\/FPD-LAR-E-VIDA-RESULTADO-COVID-12-01-21-Pedro.mp3\">https:\/\/www.radio94fm.net\/site\/wp-content\/uploads\/2021\/01\/FPD-LAR-E-VIDA-RESULTADO-COVID-12-01-21-Pedro.mp3<\/a><\/audio>\n<p>&nbsp;<\/p>\n<p>&nbsp;<\/p>\n<p>&nbsp;<\/p>\n<p><a href=\"https:\/\/www.radio94fm.net\/site\/wp-content\/uploads\/2020\/02\/FIQUE-POR-DENTRO-2-BANNER.gif\"><img loading=\"lazy\" decoding=\"async\" class=\"size-full wp-image-32065 aligncenter\" src=\"https:\/\/www.radio94fm.net\/site\/wp-content\/uploads\/2020\/02\/FIQUE-POR-DENTRO-2-BANNER.gif\" alt=\"\" width=\"604\" height=\"154\"><\/a><\/p>\n","protected":false},"excerpt":{"rendered":"<p>&nbsp; &nbsp; &nbsp; &nbsp; Na \u00faltima quarta-feira(6) uma equipe do LabCovid da Universidade Federal de Lavras, realizou uma testagem no Lar e Vida entre funcion\u00e1rios, volunt\u00e1rios, parentes e assistidos que frequentam o local. O resultado dos exames ficaram prontos na sexta-feira(8). A psic\u00f3loga coordenadora da equipe t\u00e9cnica da institui\u00e7\u00e3o Viviane Oliveira, divulgou a reportagem da&#8230;<\/p>\n","protected":false},"author":1,"featured_media":32879,"comment_status":"open","ping_status":"closed","sticky":false,"template":"","format":"standard","meta":{"ngg_post_thumbnail":0,"footnotes":""},"categories":[54],"tags":[],"class_list":["post-32950","post","type-post","status-publish","format-standard","has-post-thumbnail","hentry","category-fique-por-dentro","have-post-thumb"],"_links":{"self":[{"href":"https:\/\/radio94fm.net\/site\/wp-json\/wp\/v2\/posts\/32950","targetHints":{"allow":["GET"]}}],"collection":[{"href":"https:\/\/radio94fm.net\/site\/wp-json\/wp\/v2\/posts"}],"about":[{"href":"https:\/\/radio94fm.net\/site\/wp-json\/wp\/v2\/types\/post"}],"author":[{"embeddable":true,"href":"https:\/\/radio94fm.net\/site\/wp-json\/wp\/v2\/users\/1"}],"replies":[{"embeddable":true,"href":"https:\/\/radio94fm.net\/site\/wp-json\/wp\/v2\/comments?post=32950"}],"version-history":[{"count":0,"href":"https:\/\/radio94fm.net\/site\/wp-json\/wp\/v2\/posts\/32950\/revisions"}],"wp:attachment":[{"href":"https:\/\/radio94fm.net\/site\/wp-json\/wp\/v2\/media?parent=32950"}],"wp:term":[{"taxonomy":"category","embeddable":true,"href":"https:\/\/radio94fm.net\/site\/wp-json\/wp\/v2\/categories?post=32950"},{"taxonomy":"post_tag","embeddable":true,"href":"https:\/\/radio94fm.net\/site\/wp-json\/wp\/v2\/tags?post=32950"}],"curies":[{"name":"wp","href":"https:\/\/api.w.org\/{rel}","templated":true}]}}